{"id":3608,"date":"2019-09-02T09:47:54","date_gmt":"2019-09-02T14:47:54","guid":{"rendered":"http:\/\/www.zonaroja.com.mx\/?p=3608"},"modified":"2019-09-02T09:47:56","modified_gmt":"2019-09-02T14:47:56","slug":"otra-vez-tuxtepec-amanece-con-homicidio-de-un-individuo","status":"publish","type":"post","link":"https:\/\/zonaroja.com.mx\/?p=3608","title":{"rendered":"Otra vez Tuxtepec, amanece con homicidio de un individuo"},"content":{"rendered":"\n<p>Redacci\u00f3n\n\/Zona Roja.<\/p>\n\n\n\n<p>Oaxaca de\nJu\u00e1rez, Oax., 2 de septiembre de 2019.- Por octavo d\u00eda consecutivo, San&nbsp; Juan Bautista Tuxtepec registr\u00f3 un homicidio.<\/p>\n\n\n\n<p>La madrugada de este lunes, en la agencia San Bartolo de dicho de la regi\u00f3n de la Cuenca de Oaxaca, fue localizado el cuerpo de una persona del sexo masculino, en medio de un charco de sangre y con huellas de violencia.<\/p>\n\n\n\n<p>Presuntamente\nfue degollado, sin embargo, hasta ahora las autoridades ministeriales no han\nprecisado mayores detalles del caso.<\/p>\n\n\n\n<p>Durante toda\nla semana diariamente ocurri\u00f3 el asesinato de una persona, con excepci\u00f3n del\nviernes y el domingo, que fueron dos por d\u00eda.<\/p>\n","protected":false},"excerpt":{"rendered":"<p>Redacci\u00f3n \/Zona Roja. Oaxaca de Ju\u00e1rez, Oax., 2 de septiembre de 2019.- Por octavo d\u00eda&hellip;<\/p>\n","protected":false},"author":2,"featured_media":2597,"comment_status":"closed","ping_status":"open","sticky":false,"template":"","format":"standard","meta":{"_lmt_disableupdate":"","_lmt_disable":"","_jetpack_memberships_contains_paid_content":false,"footnotes":""},"categories":[109,51],"tags":[118],"class_list":["post-3608","post","type-post","status-publish","format-standard","has-post-thumbnail","hentry","category-minuto-a-minuto","category-zona-roja","tag-san-juan-bautista-tuxtepec"],"jetpack_featured_media_url":"https:\/\/zonaroja.com.mx\/wp-content\/uploads\/2019\/07\/Tuxtepec3-1.jpg","jetpack_sharing_enabled":true,"_links":{"self":[{"href":"https:\/\/zonaroja.com.mx\/index.php?rest_route=\/wp\/v2\/posts\/3608","targetHints":{"allow":["GET"]}}],"collection":[{"href":"https:\/\/zonaroja.com.mx\/index.php?rest_route=\/wp\/v2\/posts"}],"about":[{"href":"https:\/\/zonaroja.com.mx\/index.php?rest_route=\/wp\/v2\/types\/post"}],"author":[{"embeddable":true,"href":"https:\/\/zonaroja.com.mx\/index.php?rest_route=\/wp\/v2\/users\/2"}],"replies":[{"embeddable":true,"href":"https:\/\/zonaroja.com.mx\/index.php?rest_route=%2Fwp%2Fv2%2Fcomments&post=3608"}],"version-history":[{"count":1,"href":"https:\/\/zonaroja.com.mx\/index.php?rest_route=\/wp\/v2\/posts\/3608\/revisions"}],"predecessor-version":[{"id":3609,"href":"https:\/\/zonaroja.com.mx\/index.php?rest_route=\/wp\/v2\/posts\/3608\/revisions\/3609"}],"wp:featuredmedia":[{"embeddable":true,"href":"https:\/\/zonaroja.com.mx\/index.php?rest_route=\/wp\/v2\/media\/2597"}],"wp:attachment":[{"href":"https:\/\/zonaroja.com.mx\/index.php?rest_route=%2Fwp%2Fv2%2Fmedia&parent=3608"}],"wp:term":[{"taxonomy":"category","embeddable":true,"href":"https:\/\/zonaroja.com.mx\/index.php?rest_route=%2Fwp%2Fv2%2Fcategories&post=3608"},{"taxonomy":"post_tag","embeddable":true,"href":"https:\/\/zonaroja.com.mx\/index.php?rest_route=%2Fwp%2Fv2%2Ftags&post=3608"}],"curies":[{"name":"wp","href":"https:\/\/api.w.org\/{rel}","templated":true}]}}