{"id":36103,"date":"2022-01-04T14:46:53","date_gmt":"2022-01-04T20:46:53","guid":{"rendered":"http:\/\/www.zonaroja.com.mx\/?p=36103"},"modified":"2022-01-04T14:46:58","modified_gmt":"2022-01-04T20:46:58","slug":"por-intolerancia-religiosa-encarcelan-a-tres-evangelicos-en-oaxaca","status":"publish","type":"post","link":"https:\/\/zonaroja.com.mx\/?p=36103","title":{"rendered":"Por intolerancia religiosa, encarcelan a tres evang\u00e9licos en Oaxaca"},"content":{"rendered":"\n<p>Yuridiana Sosa\/Zona Roja.<\/p>\n\n\n\n<p>Oaxaca de Ju\u00e1rez, Oax., 4 de enero de 2022.- Tres integrantes de la iglesia evang\u00e9lica en San Pedro Chimaltepec, del municipio de San Juan Mazatl\u00e1n Mixe, fueron encarcelados por la autoridad local por no cumplir con la mayordom\u00eda, sin embargo, temen por la expulsi\u00f3n de la comunidad, como ocurri\u00f3 con otro de sus l\u00edderes religiosos.<\/p>\n\n\n\n<p>En conferencia de prensa, frente a oficinas de la Defensor\u00eda de los Derechos Humanos del Pueblo de Oaxaca (DDHPO), pastores evangelistas y el representante legal, denunciaron que la Secretar\u00eda General de Gobierno (Segego) ha hecho caso omiso a las denuncias de hostigamiento, encarcelamiento y expulsi\u00f3n de integrantes de su iglesia por la intolerancia religiosa de las autoridades de la comunidad.<\/p>\n\n\n\n<p>El caso m\u00e1s reciente se registr\u00f3 este lunes contra los hermanos Bonifacio, Donato y Gerino Mart\u00ednez S\u00e1nchez, quienes fueron detenidos y encarcelados, sin permitirles las visitas de ninguna persona, denunci\u00f3 el pastor del Centro Misionero \u201cEmmanuel\u201d, Cipriano Huerta Maldonado.<\/p>\n\n\n\n<p>Los evang\u00e9licos se\u00f1alan que las autoridades locales, Z\u00f3simo Victorino M\u00e1rquez y Demetrio Isidro Jim\u00e9nez, mantienen una persecuci\u00f3n religiosa, pues el pasado 21 de noviembre otro de sus l\u00edderes fue detenido y despu\u00e9s expulsado de la comunidad junto con su familia.<\/p>\n\n\n\n<figure class=\"wp-block-embed is-type-rich is-provider-twitter wp-block-embed-twitter\"><div class=\"wp-block-embed__wrapper\">\n<div class=\"twitter-tweet\"><blockquote class=\"twitter-tweet\" data-lang=\"es\"><p lang=\"es\" dir=\"ltr\"><a href=\"https:\/\/twitter.com\/hashtag\/ENVIVO?src=hash&amp;ref_src=twsrc%5Etfw\">#ENVIVO<\/a><br>Oaxaca de Ju\u00e1rez, Oax., 4 de enero de 2022.- Conferencia de prensa por la detenci\u00f3n de tres cristianos en San Pedro <a href=\"https:\/\/twitter.com\/hashtag\/Chimaltepec?src=hash&amp;ref_src=twsrc%5Etfw\">#Chimaltepec<\/a>, perteneciente al municipio de San Juan Mazatl\u00e1n Mixe, <a href=\"https:\/\/twitter.com\/hashtag\/Oaxaca?src=hash&amp;ref_src=twsrc%5Etfw\">#Oaxaca<\/a>.<br>Aqu\u00ed la transmisi\u00f3n:<br>\ud83d\udc47<a href=\"https:\/\/t.co\/uKYtJDzaGt\">https:\/\/t.co\/uKYtJDzaGt<\/a> <a href=\"https:\/\/t.co\/9o4TaoLKpQ\">pic.twitter.com\/9o4TaoLKpQ<\/a><\/p>&mdash; Zona Roja Oaxaca (@Zona_Roja_Oax) <a href=\"https:\/\/twitter.com\/Zona_Roja_Oax\/status\/1478430486380822531?ref_src=twsrc%5Etfw\">4 de enero de 2022<\/a><\/blockquote><\/div>\n<\/div><\/figure>\n\n\n\n<p>Por lo que exigen que esta vez las autoridades estatales, tanto la Segego, como la Fiscal\u00eda General de Oaxaca y la DDHPO no ignoren estos hechos que atentan con sus derechos humanos y su integridad.<\/p>\n\n\n\n<p>El representante legal, Porfirio Flores, indic\u00f3 que los hermanos fueron encarcelados al no realizar la mayordom\u00eda, el pasado 18 de diciembre, lo cual va contra sus creencias religiosas, sin embargo, nunca se han negado a realizar tequios, ocupar cargos dentro de la comunidad, cumplir con cuotas o participar en actividades a favor de la comunidad.<\/p>\n\n\n\n<p>Las autoridades primero hostigan, luego encarcelan y finalmente expulsan, afirman los afectados.<\/p>\n\n\n\n<p>En San Pedro Chimaltepec son cerca de 30 las familias que forman parte de la iglesia evang\u00e9lica y que hoy temen por ser v\u00edctimas de estos actos.<\/p>\n","protected":false},"excerpt":{"rendered":"<p>Yuridiana Sosa\/Zona Roja. Oaxaca de Ju\u00e1rez, Oax., 4 de enero de 2022.- Tres integrantes de&hellip;<\/p>\n","protected":false},"author":2,"featured_media":36104,"comment_status":"closed","ping_status":"open","sticky":false,"template":"","format":"standard","meta":{"_lmt_disableupdate":"","_lmt_disable":"","_jetpack_memberships_contains_paid_content":false,"footnotes":""},"categories":[109,47],"tags":[2995],"class_list":["post-36103","post","type-post","status-publish","format-standard","has-post-thumbnail","hentry","category-minuto-a-minuto","category-zona-gris","tag-san-pedro-chimaltepec"],"jetpack_featured_media_url":"https:\/\/zonaroja.com.mx\/wp-content\/uploads\/2022\/01\/Conferencia-cristianos-San-Juan-Chimaltepec.jpg","jetpack_sharing_enabled":true,"_links":{"self":[{"href":"https:\/\/zonaroja.com.mx\/index.php?rest_route=\/wp\/v2\/posts\/36103","targetHints":{"allow":["GET"]}}],"collection":[{"href":"https:\/\/zonaroja.com.mx\/index.php?rest_route=\/wp\/v2\/posts"}],"about":[{"href":"https:\/\/zonaroja.com.mx\/index.php?rest_route=\/wp\/v2\/types\/post"}],"author":[{"embeddable":true,"href":"https:\/\/zonaroja.com.mx\/index.php?rest_route=\/wp\/v2\/users\/2"}],"replies":[{"embeddable":true,"href":"https:\/\/zonaroja.com.mx\/index.php?rest_route=%2Fwp%2Fv2%2Fcomments&post=36103"}],"version-history":[{"count":1,"href":"https:\/\/zonaroja.com.mx\/index.php?rest_route=\/wp\/v2\/posts\/36103\/revisions"}],"predecessor-version":[{"id":36105,"href":"https:\/\/zonaroja.com.mx\/index.php?rest_route=\/wp\/v2\/posts\/36103\/revisions\/36105"}],"wp:featuredmedia":[{"embeddable":true,"href":"https:\/\/zonaroja.com.mx\/index.php?rest_route=\/wp\/v2\/media\/36104"}],"wp:attachment":[{"href":"https:\/\/zonaroja.com.mx\/index.php?rest_route=%2Fwp%2Fv2%2Fmedia&parent=36103"}],"wp:term":[{"taxonomy":"category","embeddable":true,"href":"https:\/\/zonaroja.com.mx\/index.php?rest_route=%2Fwp%2Fv2%2Fcategories&post=36103"},{"taxonomy":"post_tag","embeddable":true,"href":"https:\/\/zonaroja.com.mx\/index.php?rest_route=%2Fwp%2Fv2%2Ftags&post=36103"}],"curies":[{"name":"wp","href":"https:\/\/api.w.org\/{rel}","templated":true}]}}