{"id":36106,"date":"2022-01-04T14:58:54","date_gmt":"2022-01-04T20:58:54","guid":{"rendered":"http:\/\/www.zonaroja.com.mx\/?p=36106"},"modified":"2022-01-04T14:59:00","modified_gmt":"2022-01-04T20:59:00","slug":"gobierno-entiende-la-uabjo-no-se-vende-eduardo-aguanta-la-uabjo-se-levanta","status":"publish","type":"post","link":"https:\/\/zonaroja.com.mx\/?p=36106","title":{"rendered":"\u201c\u00a1Gobierno, entiende, la UABJO no se vende! \u00a1Eduardo, aguanta, la UABJO se levanta!\u201d"},"content":{"rendered":"\n<p>Yuridiana Sosa\/ Zona Roja<\/p>\n\n\n\n<p>Oaxaca de Ju\u00e1rez, Oax., 04 de enero de 2022.- Autoridades universitarias encabezadas por el rector Eduardo Bautista Mart\u00ednez, y sindicatos de la Universidad Aut\u00f3noma \u201cBenito Ju\u00e1rez\u201d de Oaxaca (UABJO), se pronunciaron este martes en defensa del ex rector Eduardo Mart\u00ednez Helmes, detenido el 31 de diciembre pasado.<\/p>\n\n\n\n<p>El responsable de la m\u00e1xima casa de estudios demand\u00f3 a \u201clos malos funcionarios del gobierno y de la Fiscal\u00eda General\u201d a mantener madurez pol\u00edtica, respeto y civilidad a la vida interna de la Universidad y poner en pr\u00e1ctica las declaraciones del gobernador Alejandro Murat sobre el orden de la pol\u00edtica interna de Oaxaca.<\/p>\n\n\n\n<p>Pues no descartaron que el acto de la detenci\u00f3n de Mart\u00ednez Helmes ocurre en el marco del proceso de sucesi\u00f3n de la rector\u00eda que este a\u00f1o se lleva a cabo en la UABJO.<\/p>\n\n\n\n<figure class=\"wp-block-embed is-type-rich is-provider-twitter wp-block-embed-twitter\"><div class=\"wp-block-embed__wrapper\">\n<div class=\"twitter-tweet\"><blockquote class=\"twitter-tweet\" data-lang=\"es\"><p lang=\"es\" dir=\"ltr\"><a href=\"https:\/\/twitter.com\/hashtag\/%C3%9AltimoMinuto?src=hash&amp;ref_src=twsrc%5Etfw\">#\u00daltimoMinuto<\/a> <br>En la reuni\u00f3n en defensa de Eduardo Mart\u00ednez Helmes, estuvo el rector de la <a href=\"https:\/\/twitter.com\/UABJO?ref_src=twsrc%5Etfw\">@UABJO<\/a>, <a href=\"https:\/\/twitter.com\/Bautistaeduardo?ref_src=twsrc%5Etfw\">@Bautistaeduardo<\/a>, quien pidi\u00f3 a funcionarios del <a href=\"https:\/\/twitter.com\/GobOax?ref_src=twsrc%5Etfw\">@goboax<\/a> retomar las declaraciones del gobernador <a href=\"https:\/\/twitter.com\/alejandromurat?ref_src=twsrc%5Etfw\">@alejandromurat<\/a>, quien dijo privilegiar la estabilidad y el Estado de Derecho. <a href=\"https:\/\/t.co\/HwaNady03s\">pic.twitter.com\/HwaNady03s<\/a><\/p>&mdash; Zona Roja Oaxaca (@Zona_Roja_Oax) <a href=\"https:\/\/twitter.com\/Zona_Roja_Oax\/status\/1478406499248611335?ref_src=twsrc%5Etfw\">4 de enero de 2022<\/a><\/blockquote><\/div>\n<\/div><\/figure>\n\n\n\n<p>Durante el mitin que se realiz\u00f3 en el acceso a Ciudad Universitaria, el rector llam\u00f3 a las autoridades a que el proceso legal de su compa\u00f1ero universitario debe estar apegado al estado de derecho y sin politizar las leyes.<\/p>\n\n\n\n<p>Eduardo Bautista tambi\u00e9n exhort\u00f3 a las expresiones dentro de la UABJO a no atender informaci\u00f3n falsa sobre el caso, no caer en provocaciones, en juegos de descalificaciones ni a responder a insultos, sino a conducirse en este movimiento con civilidad y raz\u00f3n.<\/p>\n\n\n\n<p>\u201cEsta es una manifestaci\u00f3n de manera pac\u00edfica, de manera organizada; la m\u00e1xima casa de estudios se caracteriza por la pluralidad de ideas, de la participaci\u00f3n informada y consciente de quienes integran la comunidad universitaria.<\/p>\n\n\n\n<p>\u201cEn esta ocasi\u00f3n, la expresi\u00f3n es en solidaridad a un compa\u00f1ero universitario, a un amigo, al maestro Eduardo Mart\u00ednez Helmes; el acontecimiento, importante informarlo, se debe informar con objetividad, donde prevalezca siempre el sentido de la verdad y la exigencia de un debido proceso\u201d, dijo el rector.<\/p>\n\n\n\n<p>En esta actividad, directivos de la UABJO tambi\u00e9n manifestaron su apoyo a Mart\u00ednez Helmes y recalcaron que con dicho mitin dan inicio a una jornada de lucha en la defensa del ex rector, quien de acuerdo al delito que se le imputa no amerita la previsi\u00f3n preventiva.<\/p>\n","protected":false},"excerpt":{"rendered":"<p>Yuridiana Sosa\/ Zona Roja Oaxaca de Ju\u00e1rez, Oax., 04 de enero de 2022.- Autoridades universitarias&hellip;<\/p>\n","protected":false},"author":2,"featured_media":36107,"comment_status":"closed","ping_status":"open","sticky":false,"template":"","format":"standard","meta":{"_lmt_disableupdate":"","_lmt_disable":"","_jetpack_memberships_contains_paid_content":false,"footnotes":""},"categories":[109,46],"tags":[360],"class_list":["post-36106","post","type-post","status-publish","format-standard","has-post-thumbnail","hentry","category-minuto-a-minuto","category-zona-blanca","tag-rector-eduardo-bautista-martinez"],"jetpack_featured_media_url":"https:\/\/zonaroja.com.mx\/wp-content\/uploads\/2022\/01\/Conferencia-de-prensa-UABJO-rector-caso-Helmes.jpg","jetpack_sharing_enabled":true,"_links":{"self":[{"href":"https:\/\/zonaroja.com.mx\/index.php?rest_route=\/wp\/v2\/posts\/36106","targetHints":{"allow":["GET"]}}],"collection":[{"href":"https:\/\/zonaroja.com.mx\/index.php?rest_route=\/wp\/v2\/posts"}],"about":[{"href":"https:\/\/zonaroja.com.mx\/index.php?rest_route=\/wp\/v2\/types\/post"}],"author":[{"embeddable":true,"href":"https:\/\/zonaroja.com.mx\/index.php?rest_route=\/wp\/v2\/users\/2"}],"replies":[{"embeddable":true,"href":"https:\/\/zonaroja.com.mx\/index.php?rest_route=%2Fwp%2Fv2%2Fcomments&post=36106"}],"version-history":[{"count":1,"href":"https:\/\/zonaroja.com.mx\/index.php?rest_route=\/wp\/v2\/posts\/36106\/revisions"}],"predecessor-version":[{"id":36108,"href":"https:\/\/zonaroja.com.mx\/index.php?rest_route=\/wp\/v2\/posts\/36106\/revisions\/36108"}],"wp:featuredmedia":[{"embeddable":true,"href":"https:\/\/zonaroja.com.mx\/index.php?rest_route=\/wp\/v2\/media\/36107"}],"wp:attachment":[{"href":"https:\/\/zonaroja.com.mx\/index.php?rest_route=%2Fwp%2Fv2%2Fmedia&parent=36106"}],"wp:term":[{"taxonomy":"category","embeddable":true,"href":"https:\/\/zonaroja.com.mx\/index.php?rest_route=%2Fwp%2Fv2%2Fcategories&post=36106"},{"taxonomy":"post_tag","embeddable":true,"href":"https:\/\/zonaroja.com.mx\/index.php?rest_route=%2Fwp%2Fv2%2Ftags&post=36106"}],"curies":[{"name":"wp","href":"https:\/\/api.w.org\/{rel}","templated":true}]}}