{"id":36109,"date":"2022-01-04T19:49:26","date_gmt":"2022-01-05T01:49:26","guid":{"rendered":"http:\/\/www.zonaroja.com.mx\/?p=36109"},"modified":"2022-01-04T19:49:29","modified_gmt":"2022-01-05T01:49:29","slug":"nina-de-3-anos-murio-por-negligencia-de-issste-en-oaxaca-cndh","status":"publish","type":"post","link":"https:\/\/zonaroja.com.mx\/?p=36109","title":{"rendered":"Ni\u00f1a de 3 a\u00f1os muri\u00f3 por negligencia de ISSSTE en Oaxaca: CNDH"},"content":{"rendered":"\n<p>Yuridiana Sosa\/Zona Roja.<\/p>\n\n\n\n<p>Oaxaca de Ju\u00e1rez, Oax., 4 de enero de 2021.- Una menor de tres a\u00f1os de edad muri\u00f3 debido a la negligencia m\u00e9dica que cometi\u00f3 el personal de la Cl\u00ednica Hospital \u201cTehuantepec\u201d del ISSSTE, en Santo Domingo Tehuantepec, y por lo que la CNDH emiti\u00f3 una recomendaci\u00f3n e interpuso una denuncia ante la FGR.<\/p>\n\n\n\n<p>La Comisi\u00f3n Nacional de Derechos Humanos resolvi\u00f3 que personal m\u00e9dico y enfermer\u00eda de dicha cl\u00ednica del Instituto de Seguridad y Servicios Sociales de los Trabajadores del Estado (ISSSTE) se cometieron diversas violaciones a los derechos de la menor y su madre, derivando en la muerte de la menor el pasado 31 de diciembre de 2018.<\/p>\n\n\n\n<p>En el estudio del caso, el organismo acredit\u00f3 vulneraci\u00f3n de los derechos a la protecci\u00f3n de la salud, a la vida, al inter\u00e9s superior de la ni\u00f1ez y al acceso a la informaci\u00f3n en materia de salud.<\/p>\n\n\n\n<p>De acuerdo con lo expuesto por la Comisi\u00f3n Nacional, la paciente menor de edad hab\u00eda sido sometida a diversas intervenciones quir\u00fargicas durante los a\u00f1os 2016, 2017 y 2018 para atender los diagn\u00f3sticos de \u201catresia de v\u00edas biliares, v\u00e1rices esof\u00e1gicas grado I, II y IV, hipertensi\u00f3n portal y cirrosis hep\u00e1tica\u201d.<\/p>\n\n\n\n<p>El 31 de diciembre de 2018, a las 11:29 horas, la ni\u00f1a acudi\u00f3 al servicio de urgencias de la Cl\u00ednica Hospital \u201cTehuantepec\u201d, al presentar sangrado leve, pero conforme a lo se\u00f1alado en su certificado de defunci\u00f3n, las causas se debieron a un sangrado de tubo digestivo alto, cirrosis hep\u00e1tica y atresia de v\u00edas biliares, indic\u00f3 el informe de la CNDH.<\/p>\n\n\n\n<p>Especialistas de este organismo nacional opinaron que las dos autoridades responsables de la atenci\u00f3n m\u00e9dica fueron omisas. Primero en brindar atenci\u00f3n m\u00e9dica integral para su condici\u00f3n de salud, al no requerir estudio de gasometr\u00eda arterial e indagar de forma completa el motivo de la baja de saturaci\u00f3n de ox\u00edgeno.<\/p>\n\n\n\n<p>La segunda persona responsable omiti\u00f3 hacer referencia alguna sobre la ascitis ni su manejo, as\u00ed como de la saturaci\u00f3n de ox\u00edgeno, no indag\u00f3 si fueron tomadas a la ni\u00f1a, las radiograf\u00edas solicitadas a su ingreso, o valorarlas en caso de contar con ellas. As\u00ed como no solicit\u00f3 estudio de imagen (endoscopia) para establecer el origen del sangrado y en su caso el tratamiento directo durante su internamiento y omiti\u00f3 brindarle manejo m\u00e9dico para su correcci\u00f3n.<\/p>\n\n\n\n<p>Pero, adem\u00e1s, en el estudio del caso, la Comisi\u00f3n Nacional recalc\u00f3 que no cuenta con los nombres, c\u00e9dulas, matr\u00edculas, cargo y adscripci\u00f3n del personal m\u00e9dico y de enfermer\u00eda del turno vespertino de la Cl\u00ednica Hospital \u201cTehuantepec\u201d del ISSSTE que ten\u00eda a su cargo la vigilancia de la ni\u00f1a, \u201craz\u00f3n por la cual estos hechos deber\u00e1n ser investigados por la autoridad administrativa disciplinaria y ministerial, respectivamente, a fin de deslindar las responsabilidades que correspondan\u201d.<\/p>\n\n\n\n<p>En la Recomendaci\u00f3n, dirigida a Pedro Mario Zenteno Santaella, Director General del ISSSTE, la CNDH demand\u00f3 la reparaci\u00f3n integral del da\u00f1o a las v\u00edctimas del caso, que en derecho corresponda, con motivo de la afectaci\u00f3n de la condici\u00f3n de salud y posterior deceso de la menor, en t\u00e9rminos de la Ley General de V\u00edctimas.<\/p>\n\n\n\n<p>Entre otras peticiones, solicit\u00f3 la colaboraci\u00f3n ante la Fiscal\u00eda General de la Rep\u00fablica en la denuncia de hechos que la Comisi\u00f3n Nacional formular\u00e1 en contra de las autoridades responsables de la atenci\u00f3n m\u00e9dica y resulte responsable por la inadecuada atenci\u00f3n m\u00e9dica.<\/p>\n","protected":false},"excerpt":{"rendered":"<p>Yuridiana Sosa\/Zona Roja. Oaxaca de Ju\u00e1rez, Oax., 4 de enero de 2021.- Una menor de&hellip;<\/p>\n","protected":false},"author":2,"featured_media":36110,"comment_status":"closed","ping_status":"open","sticky":false,"template":"","format":"standard","meta":{"_lmt_disableupdate":"","_lmt_disable":"","_jetpack_memberships_contains_paid_content":false,"footnotes":""},"categories":[109,47],"tags":[1554],"class_list":["post-36109","post","type-post","status-publish","format-standard","has-post-thumbnail","hentry","category-minuto-a-minuto","category-zona-gris","tag-issste-oaxaca"],"jetpack_featured_media_url":"https:\/\/zonaroja.com.mx\/wp-content\/uploads\/2022\/01\/Clinica-Hospital-ISSSTE-Tehuantepec.jpg","jetpack_sharing_enabled":true,"_links":{"self":[{"href":"https:\/\/zonaroja.com.mx\/index.php?rest_route=\/wp\/v2\/posts\/36109","targetHints":{"allow":["GET"]}}],"collection":[{"href":"https:\/\/zonaroja.com.mx\/index.php?rest_route=\/wp\/v2\/posts"}],"about":[{"href":"https:\/\/zonaroja.com.mx\/index.php?rest_route=\/wp\/v2\/types\/post"}],"author":[{"embeddable":true,"href":"https:\/\/zonaroja.com.mx\/index.php?rest_route=\/wp\/v2\/users\/2"}],"replies":[{"embeddable":true,"href":"https:\/\/zonaroja.com.mx\/index.php?rest_route=%2Fwp%2Fv2%2Fcomments&post=36109"}],"version-history":[{"count":1,"href":"https:\/\/zonaroja.com.mx\/index.php?rest_route=\/wp\/v2\/posts\/36109\/revisions"}],"predecessor-version":[{"id":36111,"href":"https:\/\/zonaroja.com.mx\/index.php?rest_route=\/wp\/v2\/posts\/36109\/revisions\/36111"}],"wp:featuredmedia":[{"embeddable":true,"href":"https:\/\/zonaroja.com.mx\/index.php?rest_route=\/wp\/v2\/media\/36110"}],"wp:attachment":[{"href":"https:\/\/zonaroja.com.mx\/index.php?rest_route=%2Fwp%2Fv2%2Fmedia&parent=36109"}],"wp:term":[{"taxonomy":"category","embeddable":true,"href":"https:\/\/zonaroja.com.mx\/index.php?rest_route=%2Fwp%2Fv2%2Fcategories&post=36109"},{"taxonomy":"post_tag","embeddable":true,"href":"https:\/\/zonaroja.com.mx\/index.php?rest_route=%2Fwp%2Fv2%2Ftags&post=36109"}],"curies":[{"name":"wp","href":"https:\/\/api.w.org\/{rel}","templated":true}]}}