{"id":3611,"date":"2019-09-02T12:39:20","date_gmt":"2019-09-02T17:39:20","guid":{"rendered":"https:\/\/www.zonaroja.com.mx\/?p=3611"},"modified":"2019-09-02T12:39:22","modified_gmt":"2019-09-02T17:39:22","slug":"maria-del-sol-son-15-meses-de-tu-ausencia-espero-que-un-dia-la-justicia-llegue","status":"publish","type":"post","link":"https:\/\/zonaroja.com.mx\/?p=3611","title":{"rendered":"\u201cMar\u00eda del Sol, son 15 meses de tu ausencia. Espero que un d\u00eda la justicia llegue\u201d"},"content":{"rendered":"\n<p>Evlin Arag\u00f3n\/ Zona Roja. <\/p>\n\n\n\n<p>Oaxaca de Ju\u00e1rez, Oax., 2 de septiembre de 2019.- \u201cMar\u00eda del Sol, son 15 meses de tu ausencia. Espero que un d\u00eda la justicia llegue. Cierto que no te voy a recuperar f\u00edsicamente, pero estaremos tranquilas porque habr\u00e1 #JusticiaParaSol. Tu sonrisa y tu alegr\u00eda por la vida sigue sosteniendo mi existencia y la de quienes te seguimos amando\u201d.<\/p>\n\n\n\n<p>Este lunes se cumplen 15 meses del asesinato de la fotorreportera Mar\u00eda del Sol Cruz Jarqu\u00edn, ocurrido  el 2 de junio de 2018, luego de ser comisionada desde la Secretar\u00eda de Asuntos Ind\u00edgenas para dar cobertura a la campa\u00f1a electoral de Hageo Montero L\u00f3pez en Juchit\u00e1n de Zaragoza, mismo en tiempo en que su familia no ha descansado en la exigencia de justicia.<\/p>\n\n\n\n<p>Y con  esas palabras record\u00f3 la madre de la joven, la periodista Soledad Jarqu\u00edn Edgar, a su hija; en un mensaje en sus redes sociales, insisti\u00f3 en la urgencia de justicia para Sol, a fin de conseguir la tranquilidad de su familia que desde hace m\u00e1s de un a\u00f1o llora la p\u00e9rdida de una de sus integrantes y exige castigo a los responsables.<\/p>\n\n\n\n<p>Al respecto, la Fiscal\u00eda General del Estado, encabezada por Rub\u00e9n Vasconcelos M\u00e9ndez, no ha manifestado avances en torno al caso, mientras que el gobernador de Oaxaca, Alejandro Murat Hinojosa, a\u00fan tiene pendiente sancionar a su ex funcionario Francisco Montero L\u00f3pez, quien fuera titular de la Secretar\u00eda de Asuntos Ind\u00edgenas (SAI) y responsable de que la joven fot\u00f3grafa estuviera en la regi\u00f3n del Istmo.<\/p>\n\n\n\n<p>Ello pese a la resoluci\u00f3n de Tribunal Electoral del Poder Judicial de la Federaci\u00f3n que reconoci\u00f3 la existencia de un delito y determin\u00f3 que el funcionario deb\u00eda ser sancionado por el Ejecutivo estatal, luego de haber comisionado ilegalmente a la joven para cubrir la campa\u00f1a pol\u00edtica de su hermano y actual regidor de Energ\u00eda Renovable de Juchit\u00e1n, Hageo Montero.<\/p>\n\n\n\n<p>Fue el 2 de junio del 2018, que la joven muri\u00f3 en un ataque armado, en el que tambi\u00e9n perdieron la vida la candidata a segunda concejal de Juchit\u00e1n, Pamela Ter\u00e1n y su chofer, Adelfo Guerra. Por la agresi\u00f3n, dos personas han sido detenidas, uno logr\u00f3 su libertad ante las deficiencias de las pruebas aportadas por  la Fiscal\u00eda, y del segundo no hay datos oficiales sobre su situaci\u00f3n jur\u00eddica.<\/p>\n\n\n\n<p>Durante estos 15 meses, la periodista oaxaque\u00f1a, acompa\u00f1ada de su familia y organizaciones sociales, ha salido a las calles para exigir justicia ante unas autoridades que se han mostrado m\u00e1s preocupadas por su imagen p\u00fablica que por dar respuesta a una madre que perdi\u00f3 a su hija.<\/p>\n\n\n\n<p><\/p>\n","protected":false},"excerpt":{"rendered":"<p>Evlin Arag\u00f3n\/ Zona Roja. Oaxaca de Ju\u00e1rez, Oax., 2 de septiembre de 2019.- \u201cMar\u00eda del&hellip;<\/p>\n","protected":false},"author":2,"featured_media":1831,"comment_status":"closed","ping_status":"open","sticky":false,"template":"","format":"standard","meta":{"_lmt_disableupdate":"","_lmt_disable":"","_jetpack_memberships_contains_paid_content":false,"footnotes":""},"categories":[1],"tags":[],"class_list":["post-3611","post","type-post","status-publish","format-standard","has-post-thumbnail","hentry","category-sin-categoria"],"jetpack_featured_media_url":"https:\/\/zonaroja.com.mx\/wp-content\/uploads\/2019\/06\/b4ba5c32-3367-45f3-a28d-fd1a5fa0e458.jpg","jetpack_sharing_enabled":true,"_links":{"self":[{"href":"https:\/\/zonaroja.com.mx\/index.php?rest_route=\/wp\/v2\/posts\/3611","targetHints":{"allow":["GET"]}}],"collection":[{"href":"https:\/\/zonaroja.com.mx\/index.php?rest_route=\/wp\/v2\/posts"}],"about":[{"href":"https:\/\/zonaroja.com.mx\/index.php?rest_route=\/wp\/v2\/types\/post"}],"author":[{"embeddable":true,"href":"https:\/\/zonaroja.com.mx\/index.php?rest_route=\/wp\/v2\/users\/2"}],"replies":[{"embeddable":true,"href":"https:\/\/zonaroja.com.mx\/index.php?rest_route=%2Fwp%2Fv2%2Fcomments&post=3611"}],"version-history":[{"count":1,"href":"https:\/\/zonaroja.com.mx\/index.php?rest_route=\/wp\/v2\/posts\/3611\/revisions"}],"predecessor-version":[{"id":3612,"href":"https:\/\/zonaroja.com.mx\/index.php?rest_route=\/wp\/v2\/posts\/3611\/revisions\/3612"}],"wp:featuredmedia":[{"embeddable":true,"href":"https:\/\/zonaroja.com.mx\/index.php?rest_route=\/wp\/v2\/media\/1831"}],"wp:attachment":[{"href":"https:\/\/zonaroja.com.mx\/index.php?rest_route=%2Fwp%2Fv2%2Fmedia&parent=3611"}],"wp:term":[{"taxonomy":"category","embeddable":true,"href":"https:\/\/zonaroja.com.mx\/index.php?rest_route=%2Fwp%2Fv2%2Fcategories&post=3611"},{"taxonomy":"post_tag","embeddable":true,"href":"https:\/\/zonaroja.com.mx\/index.php?rest_route=%2Fwp%2Fv2%2Ftags&post=3611"}],"curies":[{"name":"wp","href":"https:\/\/api.w.org\/{rel}","templated":true}]}}