{"id":36115,"date":"2022-01-04T21:59:23","date_gmt":"2022-01-05T03:59:23","guid":{"rendered":"http:\/\/www.zonaroja.com.mx\/?p=36115"},"modified":"2022-01-04T21:59:26","modified_gmt":"2022-01-05T03:59:26","slug":"destaca-francisco-angel-villarreal-en-encuestas-de-interna-del-pri","status":"publish","type":"post","link":"https:\/\/zonaroja.com.mx\/?p=36115","title":{"rendered":"Destaca Francisco \u00c1ngel Villarreal en encuestas de interna del PRI"},"content":{"rendered":"\n<p>Redacci\u00f3n\/Zona Roja Cdmx.<\/p>\n\n\n\n<p>Ciudad de M\u00e9xico, 4 de enero de 2022.- Francisco \u00c1ngel Villarreal es el mejor posicionado para ser el candidato del Partido Revolucionario Institucional (PRI) al gobierno de Oaxaca.<\/p>\n\n\n\n<p>As\u00ed lo destac\u00f3 una encuesta realizada por Enkoll, rumbo a las elecciones que se llevar\u00e1n a cabo el 5 de junio.<\/p>\n\n\n\n<p>Seg\u00fan la encuestadora, Paco Villarreal y Eufrosina Cruz Mendoza son los aspirantes hombre y mujer mejor posicionados.<\/p>\n\n\n\n<p>El priista, con m\u00e1s de 38 a\u00f1os de experiencia pol\u00edtica, tiene 23 puntos de opini\u00f3n favorable; mientras que Eufrosina, 17.<\/p>\n\n\n\n<p>Villarreal se posiciona as\u00ed como un posible candidato con una buena o muy buena opini\u00f3n y reconocimiento entre la ciudadan\u00eda oaxaque\u00f1a. El saldo de opini\u00f3n de la encuesta resulta de contrastar los aspectos positivos con los negativos.<\/p>\n\n\n\n<p>El levantamiento de la encuesta se realiz\u00f3 entre mil 643 hombres y mujeres mayores de 18 a\u00f1os residentes de Oaxaca.<\/p>\n\n\n\n<p>La muestra se tom\u00f3 entre el 18 y el 22 de diciembre de 2021, a trav\u00e9s de entrevistas cara a cara en viviendas.<\/p>\n\n\n\n<p>El nivel de confianza de la encuesta, realizada por Enkoll es del 95 %, mientras que tiene un error muestral de +\/- 2.45%.<\/p>\n\n\n\n<p>Con un saldo de opini\u00f3n negativo se dieron resultados de Heliodoro D\u00edaz, con -12 puntos; y Eviel P\u00e9rez Maga\u00f1a, exsecretario de Desarrollo Social, con -19 puntos, quien a pesar de ser al que m\u00e1s conocen, es tambi\u00e9n sobre quien la mayor\u00eda de los encuestados tienen una mala o muy mala opini\u00f3n. En la encuesta de Enkoll queda muy abajo Germ\u00e1n Espinoza, quien es el menos conocido de todos, con apenas 7 puntos.<\/p>\n","protected":false},"excerpt":{"rendered":"<p>Redacci\u00f3n\/Zona Roja Cdmx. Ciudad de M\u00e9xico, 4 de enero de 2022.- Francisco \u00c1ngel Villarreal es&hellip;<\/p>\n","protected":false},"author":2,"featured_media":36116,"comment_status":"closed","ping_status":"open","sticky":false,"template":"","format":"standard","meta":{"_lmt_disableupdate":"","_lmt_disable":"","_jetpack_memberships_contains_paid_content":false,"footnotes":""},"categories":[109,46],"tags":[652],"class_list":["post-36115","post","type-post","status-publish","format-standard","has-post-thumbnail","hentry","category-minuto-a-minuto","category-zona-blanca","tag-francisco-angel-villarreal"],"jetpack_featured_media_url":"https:\/\/zonaroja.com.mx\/wp-content\/uploads\/2022\/01\/Encuesta-Enkoll-Francisco-angel-Villarreal.jpg","jetpack_sharing_enabled":true,"_links":{"self":[{"href":"https:\/\/zonaroja.com.mx\/index.php?rest_route=\/wp\/v2\/posts\/36115","targetHints":{"allow":["GET"]}}],"collection":[{"href":"https:\/\/zonaroja.com.mx\/index.php?rest_route=\/wp\/v2\/posts"}],"about":[{"href":"https:\/\/zonaroja.com.mx\/index.php?rest_route=\/wp\/v2\/types\/post"}],"author":[{"embeddable":true,"href":"https:\/\/zonaroja.com.mx\/index.php?rest_route=\/wp\/v2\/users\/2"}],"replies":[{"embeddable":true,"href":"https:\/\/zonaroja.com.mx\/index.php?rest_route=%2Fwp%2Fv2%2Fcomments&post=36115"}],"version-history":[{"count":1,"href":"https:\/\/zonaroja.com.mx\/index.php?rest_route=\/wp\/v2\/posts\/36115\/revisions"}],"predecessor-version":[{"id":36117,"href":"https:\/\/zonaroja.com.mx\/index.php?rest_route=\/wp\/v2\/posts\/36115\/revisions\/36117"}],"wp:featuredmedia":[{"embeddable":true,"href":"https:\/\/zonaroja.com.mx\/index.php?rest_route=\/wp\/v2\/media\/36116"}],"wp:attachment":[{"href":"https:\/\/zonaroja.com.mx\/index.php?rest_route=%2Fwp%2Fv2%2Fmedia&parent=36115"}],"wp:term":[{"taxonomy":"category","embeddable":true,"href":"https:\/\/zonaroja.com.mx\/index.php?rest_route=%2Fwp%2Fv2%2Fcategories&post=36115"},{"taxonomy":"post_tag","embeddable":true,"href":"https:\/\/zonaroja.com.mx\/index.php?rest_route=%2Fwp%2Fv2%2Ftags&post=36115"}],"curies":[{"name":"wp","href":"https:\/\/api.w.org\/{rel}","templated":true}]}}