{"id":36121,"date":"2022-01-05T07:47:39","date_gmt":"2022-01-05T13:47:39","guid":{"rendered":"http:\/\/www.zonaroja.com.mx\/?p=36121"},"modified":"2022-01-05T07:47:42","modified_gmt":"2022-01-05T13:47:42","slug":"en-un-dia-aumentan-en-52-los-casos-activos-de-covid-en-oaxaca","status":"publish","type":"post","link":"https:\/\/zonaroja.com.mx\/?p=36121","title":{"rendered":"En un d\u00eda, aumentan en 52% los casos activos de Covid en Oaxaca"},"content":{"rendered":"\n<p>Redacci\u00f3n\/Zona Roja.<\/p>\n\n\n\n<p>Oaxaca de Ju\u00e1rez, Oax., 5 de enero de 2022.- Ayer martes, los Servicios de Salud de Oaxaca (SSO), reportaron 137 casos nuevos de Covid-19 y una defunci\u00f3n; adem\u00e1s, la pandemia se encuentra activa en 60 municipios con 314 personas que presentaron s\u00edntomas en los \u00faltimos 14 d\u00edas, lo que representa un incremento del 52% a diferencia del d\u00eda lunes, donde se presentaron 207 casos activos de la enfermedad respiratoria.<\/p>\n\n\n\n<p>Ante este panorama, la instituci\u00f3n reitera el llamado a reforzar las medidas sanitarias de prevenci\u00f3n, uso correcto del cubrebocas, sana distancia, lavado frecuente de manos con agua y jab\u00f3n o aplicaci\u00f3n de gel a base de alcohol al 70%, evitar los lugares cerrados y pocos ventilados, y no acudir a lugares concurridos.<\/p>\n\n\n\n<p>Se han acumulado en la entidad, 84 mil 363 casos confirmados del SARS-CoV-2, y cinco mil 660 defunciones, 78 mil 389 personas se han recuperado de la enfermedad y cinco mil 876 casos sospechosos.<\/p>\n\n\n\n<p>Por Jurisdicci\u00f3n Sanitaria, Valles Centrales contabiliza 51 mil 185 confirmados, 178 activos y dos mil 513 defunciones; Istmo 11 mil 890 confirmados, 31 activos y mil 206 decesos; Mixteca seis mil 541 confirmados, 23 activos y 580 decesos; Costa cinco mil 957 confirmados, 63 activos y 473 defunciones; Tuxtepec cinco mil 811 confirmados, 12 activos y 563 defunciones; Sierra dos mil 979 confirmados, siete activos y 325 decesos.<\/p>\n\n\n\n<figure class=\"wp-block-embed is-type-rich is-provider-twitter wp-block-embed-twitter\"><div class=\"wp-block-embed__wrapper\">\n<div class=\"twitter-tweet\"><blockquote class=\"twitter-tweet\" data-lang=\"es\"><p lang=\"es\" dir=\"ltr\"><a href=\"https:\/\/twitter.com\/hashtag\/%C3%9AltimoMinuto?src=hash&amp;ref_src=twsrc%5Etfw\">#\u00daltimoMinuto<\/a><br>En <a href=\"https:\/\/twitter.com\/hashtag\/Oaxaca?src=hash&amp;ref_src=twsrc%5Etfw\">#Oaxaca<\/a>, los Servicios de Salud de Oaxaca reportaron este martes 137 casos positivos a Covid y 1 deceso.<br>Suman 84 mil 363 casos confirmados y 5 mil 660 fallecimientos.<br>Baja a 4 los nosocomios saturados de pacientes; la ocupaci\u00f3n hospitalaria promedio es de 16%. <a href=\"https:\/\/t.co\/7Qs7AE8uQJ\">pic.twitter.com\/7Qs7AE8uQJ<\/a><\/p>&mdash; Zona Roja Oaxaca (@Zona_Roja_Oax) <a href=\"https:\/\/twitter.com\/Zona_Roja_Oax\/status\/1478561253593432065?ref_src=twsrc%5Etfw\">5 de enero de 2022<\/a><\/blockquote><\/div>\n<\/div><\/figure>\n\n\n\n<p>Los 137 casos nuevos, se distribuyen en 42 municipios siendo los m\u00e1s afectados Oaxaca de Ju\u00e1rez con 52, Santa Cruz Xoxocotl\u00e1n 13, Heroica Ciudad de Huajuapan de Le\u00f3n siete, San Juan Bautista Tuxtepec y Santa Mar\u00eda Huatulco cinco cada uno, San Antonio de la Cal, Villa de Etla, Santa Luc\u00eda del Camino y Santo Domingo Tehuantepec cuatro cada uno, la Heroica Ciudad de Juchit\u00e1n de Zaragoza tres, el resto dos y un solo caso.<\/p>\n\n\n\n<p>Este martes, se contabilizan seis mil 784 trabajadores del Sector Salud que se han contagiado por Covid-19, de los cuales mil 949 son de la rama m\u00e9dica, dos mil 526 de enfermer\u00eda y dos mil 309 de otras \u00e1reas afines. De las cinco mil 660 defunciones, por sexo tres mil 612 son hombres y dos mil 048 mujeres.<\/p>\n\n\n\n<p>La instituci\u00f3n destaca que en la \u00faltima jornada no se hospitaliz\u00f3 ning\u00fan paciente, actualmente hay 68 que se encuentran recibiendo atenci\u00f3n m\u00e9dica por complicaciones derivadas de esta enfermedad.<\/p>\n\n\n\n<p>La red m\u00e9dica global presenta el 16% de saturaci\u00f3n, pues de las 424 camas destinadas para la atenci\u00f3n de la pandemia, 356 est\u00e1n disponibles y cuatro hospitales se encuentran al 100% de ocupaci\u00f3n.<\/p>\n\n\n\n<p>(Comunicado)<\/p>\n","protected":false},"excerpt":{"rendered":"<p>Redacci\u00f3n\/Zona Roja. Oaxaca de Ju\u00e1rez, Oax., 5 de enero de 2022.- Ayer martes, los Servicios&hellip;<\/p>\n","protected":false},"author":2,"featured_media":36122,"comment_status":"closed","ping_status":"open","sticky":false,"template":"","format":"standard","meta":{"_lmt_disableupdate":"","_lmt_disable":"","_jetpack_memberships_contains_paid_content":false,"footnotes":""},"categories":[109,47],"tags":[1512],"class_list":["post-36121","post","type-post","status-publish","format-standard","has-post-thumbnail","hentry","category-minuto-a-minuto","category-zona-gris","tag-coronavirus-oaxaca"],"jetpack_featured_media_url":"https:\/\/zonaroja.com.mx\/wp-content\/uploads\/2022\/01\/Comunicado-te\u0301cnico.jpg","jetpack_sharing_enabled":true,"_links":{"self":[{"href":"https:\/\/zonaroja.com.mx\/index.php?rest_route=\/wp\/v2\/posts\/36121","targetHints":{"allow":["GET"]}}],"collection":[{"href":"https:\/\/zonaroja.com.mx\/index.php?rest_route=\/wp\/v2\/posts"}],"about":[{"href":"https:\/\/zonaroja.com.mx\/index.php?rest_route=\/wp\/v2\/types\/post"}],"author":[{"embeddable":true,"href":"https:\/\/zonaroja.com.mx\/index.php?rest_route=\/wp\/v2\/users\/2"}],"replies":[{"embeddable":true,"href":"https:\/\/zonaroja.com.mx\/index.php?rest_route=%2Fwp%2Fv2%2Fcomments&post=36121"}],"version-history":[{"count":1,"href":"https:\/\/zonaroja.com.mx\/index.php?rest_route=\/wp\/v2\/posts\/36121\/revisions"}],"predecessor-version":[{"id":36123,"href":"https:\/\/zonaroja.com.mx\/index.php?rest_route=\/wp\/v2\/posts\/36121\/revisions\/36123"}],"wp:featuredmedia":[{"embeddable":true,"href":"https:\/\/zonaroja.com.mx\/index.php?rest_route=\/wp\/v2\/media\/36122"}],"wp:attachment":[{"href":"https:\/\/zonaroja.com.mx\/index.php?rest_route=%2Fwp%2Fv2%2Fmedia&parent=36121"}],"wp:term":[{"taxonomy":"category","embeddable":true,"href":"https:\/\/zonaroja.com.mx\/index.php?rest_route=%2Fwp%2Fv2%2Fcategories&post=36121"},{"taxonomy":"post_tag","embeddable":true,"href":"https:\/\/zonaroja.com.mx\/index.php?rest_route=%2Fwp%2Fv2%2Ftags&post=36121"}],"curies":[{"name":"wp","href":"https:\/\/api.w.org\/{rel}","templated":true}]}}