{"id":3613,"date":"2019-09-02T16:04:27","date_gmt":"2019-09-02T21:04:27","guid":{"rendered":"http:\/\/www.zonaroja.com.mx\/?p=3613"},"modified":"2019-09-02T16:04:29","modified_gmt":"2019-09-02T21:04:29","slug":"le-mutilan-una-pata-a-un-perro-en-comunidad-de-la-mixteca","status":"publish","type":"post","link":"https:\/\/zonaroja.com.mx\/?p=3613","title":{"rendered":"Le mutilan una pata a un perro en comunidad de la Mixteca"},"content":{"rendered":"\n<p>Evlin\nArag\u00f3n\/Zona Roja.<\/p>\n\n\n\n<p>Oaxaca de\nJu\u00e1rez, Oax., 2 de septiembre de 2019.- A trav\u00e9s de las redes sociales, vecinos\nde Tamazul\u00e1pam del Progreso, municipio perteneciente a la regi\u00f3n Mixteca de\nOaxaca, denunciaron un nuevo caso de maltrato animal en la entidad en perjuicio\nde un perro, al que de forma atroz le arrancaron una extremidad, el pasado 26\nde agosto.<\/p>\n\n\n\n<p>As\u00ed se da\ncuenta a trav\u00e9s de una imagen difundida en la p\u00e1gina de Facebook \u201cTamazulapan\nen La Noticia\u201d en donde se puede ver a un perro color blanco tirado en una\nbanqueta, luego de que le cortaran la pata trasera derecha.<\/p>\n\n\n\n<p>De acuerdo\ncon las y los vecinos, el perro responde al nombre de \u201cPeludo\u201d y aunque no\ntiene hogar, en ning\u00fan momento ha representado un peligro para quienes habitan\nen la zona, por el contrario, es muy amigable y se acompa\u00f1a siempre de otro\nperro igual de sociable.<\/p>\n\n\n\n<p>\u201cEs\nnecesario que las autoridades municipales investiguen el caso de \u2018Peludo\u2019,\natacado por personas inconscientes\u201d refiere una de las publicaciones en las\nredes sociales.<\/p>\n\n\n\n<p>Integrantes\nde la organizaci\u00f3n Defensa Animal de Tamazul\u00e1pam denunciaron que la agresi\u00f3n\nhacia el can es una muestra de la descomposici\u00f3n que existe en la sociedad.<\/p>\n\n\n\n<p>A la par que\naseguraron este tipo de actos crueles deben ser sancionados como lo mandata la\nley, por lo que pidieron a la poblaci\u00f3n reportar en caso de saber algo sobre la\nagresi\u00f3n.<\/p>\n\n\n\n<p>Explicaron\nque se hicieron cargo del perro, a quien realizaron curaciones de emergencia\npara poder trasladarlo a la capital oaxaque\u00f1a, en donde fue atendido de\nemergencia y permanece para darle seguimiento por profesionales en medicina\nveterinaria.<\/p>\n\n\n\n<p>As\u00ed mismo,\nsolicitaron el apoyo de la poblaci\u00f3n en general para costear la atenci\u00f3n, el\ntrasladado y las curaciones que se necesiten para la recuperaci\u00f3n del perro,\npor lo que est\u00e1n a la espera de donaciones en efectivo o en especie.<\/p>\n\n\n\n<p>Exhortaron a\nla poblaci\u00f3n a ser due\u00f1os responsables de sus mascotas y evitar que sean\nlastimados por personas sin escr\u00fapulos. <\/p>\n\n\n\n<p>\u201cSi eres\ndue\u00f1o de un animal, hasta responsable, alim\u00e9ntalos, ati\u00e9ndelos y dales un techo\nseguro donde estar, no los dejes a la deriva en la calle, pues lo ocurrido es\nmuestra de la irresponsabilidad de nosotros como seres humanos\u201d, aseguraron.<\/p>\n","protected":false},"excerpt":{"rendered":"<p>Evlin Arag\u00f3n\/Zona Roja. Oaxaca de Ju\u00e1rez, Oax., 2 de septiembre de 2019.- A trav\u00e9s de&hellip;<\/p>\n","protected":false},"author":2,"featured_media":3614,"comment_status":"closed","ping_status":"open","sticky":false,"template":"","format":"standard","meta":{"_lmt_disableupdate":"","_lmt_disable":"","_jetpack_memberships_contains_paid_content":false,"footnotes":""},"categories":[109,47],"tags":[656],"class_list":["post-3613","post","type-post","status-publish","format-standard","has-post-thumbnail","hentry","category-minuto-a-minuto","category-zona-gris","tag-tamazulapam-del-progreso"],"jetpack_featured_media_url":"https:\/\/zonaroja.com.mx\/wp-content\/uploads\/2019\/09\/perro-mutilzado.jpg","jetpack_sharing_enabled":true,"_links":{"self":[{"href":"https:\/\/zonaroja.com.mx\/index.php?rest_route=\/wp\/v2\/posts\/3613","targetHints":{"allow":["GET"]}}],"collection":[{"href":"https:\/\/zonaroja.com.mx\/index.php?rest_route=\/wp\/v2\/posts"}],"about":[{"href":"https:\/\/zonaroja.com.mx\/index.php?rest_route=\/wp\/v2\/types\/post"}],"author":[{"embeddable":true,"href":"https:\/\/zonaroja.com.mx\/index.php?rest_route=\/wp\/v2\/users\/2"}],"replies":[{"embeddable":true,"href":"https:\/\/zonaroja.com.mx\/index.php?rest_route=%2Fwp%2Fv2%2Fcomments&post=3613"}],"version-history":[{"count":1,"href":"https:\/\/zonaroja.com.mx\/index.php?rest_route=\/wp\/v2\/posts\/3613\/revisions"}],"predecessor-version":[{"id":3615,"href":"https:\/\/zonaroja.com.mx\/index.php?rest_route=\/wp\/v2\/posts\/3613\/revisions\/3615"}],"wp:featuredmedia":[{"embeddable":true,"href":"https:\/\/zonaroja.com.mx\/index.php?rest_route=\/wp\/v2\/media\/3614"}],"wp:attachment":[{"href":"https:\/\/zonaroja.com.mx\/index.php?rest_route=%2Fwp%2Fv2%2Fmedia&parent=3613"}],"wp:term":[{"taxonomy":"category","embeddable":true,"href":"https:\/\/zonaroja.com.mx\/index.php?rest_route=%2Fwp%2Fv2%2Fcategories&post=3613"},{"taxonomy":"post_tag","embeddable":true,"href":"https:\/\/zonaroja.com.mx\/index.php?rest_route=%2Fwp%2Fv2%2Ftags&post=3613"}],"curies":[{"name":"wp","href":"https:\/\/api.w.org\/{rel}","templated":true}]}}