{"id":36133,"date":"2022-01-05T08:40:09","date_gmt":"2022-01-05T14:40:09","guid":{"rendered":"http:\/\/www.zonaroja.com.mx\/?p=36133"},"modified":"2022-01-05T08:40:13","modified_gmt":"2022-01-05T14:40:13","slug":"lidera-oaxaca-el-asesinato-de-activistas-en-el-ano-2021","status":"publish","type":"post","link":"https:\/\/zonaroja.com.mx\/?p=36133","title":{"rendered":"Lidera Oaxaca el asesinato de activistas, en el a\u00f1o 2021"},"content":{"rendered":"\n<p>Redacci\u00f3n\/Zona Roja.<\/p>\n\n\n\n<p>Oaxaca de Ju\u00e1rez, Oax., 5 de enero de 2022.- Durante el a\u00f1o 2021 fueron asesinados en M\u00e9xico 25 activistas y defensores de derechos humanos, de los cuales en su mayor\u00eda fueron perpetrados en Oaxaca.<\/p>\n\n\n\n<p>Seg\u00fan un informe del Comit\u00e9 Cerezo \u201cC\u00e9sar Mart\u00ednez\u201d,<\/p>\n\n\n\n<p>Siete de los cr\u00edmenes ocurrieron en esta entidad, cinco en Chiapas y cuatro en Sonora, mientras que en Morelos y Guerrero se cometieron dos cr\u00edmenes en cada estado y uno en Veracruz, Jalisco, Hidalgo, Colima y Campeche.<\/p>\n\n\n\n<p>De las v\u00edctimas, tres eran mujeres y 22 hombres; asimismo, en su mayor\u00eda fueron ultimados con disparos de arma de fuego.<\/p>\n\n\n\n<p>El Comit\u00e9 Cerezo expone que las ejecuciones extrajudiciales fueron cometidas por motivos pol\u00edticos, es decir, como una forma de castigo por la actividad de defensa o ejercicio de alg\u00fan derecho humano que las personas defensoras de derechos humanos estaban realizando.<\/p>\n\n\n\n<p>\u00abLos perpetradores fueron agentes del Estado bajo la modalidad de comisi\u00f3n o aquiescencia\u00bb, remarca en su informe.<\/p>\n\n\n\n<p>De los asesinados, 12 de ellos defend\u00edan el derecho al territorio, cinco a la vida digna y cuatro al medio ambiente. Dos v\u00edctimas de ejecuci\u00f3n extrajudicial fueron por defender derechos humanos y un caso de defensores de la libertad de expresi\u00f3n y de los derechos laborales.<\/p>\n\n\n\n<p>Seg\u00fan la asociaci\u00f3n civil, hay 14 casos que tienen como beneficiario a autoridades de nivel estatal y seis casos a autoridades municipales, mientras que son cinco empresas privadas las beneficiarias de cinco ejecuciones extrajudiciales.<\/p>\n\n\n\n<p>El registro del Comit\u00e9 Cerezo indic\u00f3 que en los tres a\u00f1os de Gobierno de Andr\u00e9s Manuel L\u00f3pez Obrador han sido ejecutados 59 defensores, mientras que en el sexenio de Enrique Pe\u00f1a Nieto fueron 67.<\/p>\n\n\n\n<p>En el caso de Oaxaca, al menos cinco cr\u00edmenes de activistas fueron perpetrados en la regi\u00f3n de la Costa chica, concretamente en el municpio de Santiago Jamiltepec, entre ellos Fidel Heras y Jaime M\u00e9ndez.<\/p>\n","protected":false},"excerpt":{"rendered":"<p>Redacci\u00f3n\/Zona Roja. Oaxaca de Ju\u00e1rez, Oax., 5 de enero de 2022.- Durante el a\u00f1o 2021&hellip;<\/p>\n","protected":false},"author":2,"featured_media":25069,"comment_status":"closed","ping_status":"open","sticky":false,"template":"","format":"standard","meta":{"_lmt_disableupdate":"","_lmt_disable":"","_jetpack_memberships_contains_paid_content":false,"footnotes":""},"categories":[109,47],"tags":[],"class_list":["post-36133","post","type-post","status-publish","format-standard","has-post-thumbnail","hentry","category-minuto-a-minuto","category-zona-gris"],"jetpack_featured_media_url":"https:\/\/zonaroja.com.mx\/wp-content\/uploads\/2021\/03\/Fidel-Heras-Cruz.jpg","jetpack_sharing_enabled":true,"_links":{"self":[{"href":"https:\/\/zonaroja.com.mx\/index.php?rest_route=\/wp\/v2\/posts\/36133","targetHints":{"allow":["GET"]}}],"collection":[{"href":"https:\/\/zonaroja.com.mx\/index.php?rest_route=\/wp\/v2\/posts"}],"about":[{"href":"https:\/\/zonaroja.com.mx\/index.php?rest_route=\/wp\/v2\/types\/post"}],"author":[{"embeddable":true,"href":"https:\/\/zonaroja.com.mx\/index.php?rest_route=\/wp\/v2\/users\/2"}],"replies":[{"embeddable":true,"href":"https:\/\/zonaroja.com.mx\/index.php?rest_route=%2Fwp%2Fv2%2Fcomments&post=36133"}],"version-history":[{"count":1,"href":"https:\/\/zonaroja.com.mx\/index.php?rest_route=\/wp\/v2\/posts\/36133\/revisions"}],"predecessor-version":[{"id":36134,"href":"https:\/\/zonaroja.com.mx\/index.php?rest_route=\/wp\/v2\/posts\/36133\/revisions\/36134"}],"wp:featuredmedia":[{"embeddable":true,"href":"https:\/\/zonaroja.com.mx\/index.php?rest_route=\/wp\/v2\/media\/25069"}],"wp:attachment":[{"href":"https:\/\/zonaroja.com.mx\/index.php?rest_route=%2Fwp%2Fv2%2Fmedia&parent=36133"}],"wp:term":[{"taxonomy":"category","embeddable":true,"href":"https:\/\/zonaroja.com.mx\/index.php?rest_route=%2Fwp%2Fv2%2Fcategories&post=36133"},{"taxonomy":"post_tag","embeddable":true,"href":"https:\/\/zonaroja.com.mx\/index.php?rest_route=%2Fwp%2Fv2%2Ftags&post=36133"}],"curies":[{"name":"wp","href":"https:\/\/api.w.org\/{rel}","templated":true}]}}