{"id":36135,"date":"2022-01-05T11:55:20","date_gmt":"2022-01-05T17:55:20","guid":{"rendered":"https:\/\/www.zonaroja.com.mx\/?p=36135"},"modified":"2022-01-05T12:54:05","modified_gmt":"2022-01-05T18:54:05","slug":"por-alza-en-covid-aplazan-diputados-la-comparecencia-de-funcionarios","status":"publish","type":"post","link":"https:\/\/zonaroja.com.mx\/?p=36135","title":{"rendered":"Por alza en Covid, aplazan diputados la comparecencia de funcionarios"},"content":{"rendered":"\n<p>Redacci\u00f3n\/Zona Roja.<\/p>\n\n\n\n<p>Oaxaca de Ju\u00e1rez, Oax. 05 de enero de 2022.-&nbsp;Con la finalidad de reforzar las medidas preventivas para evitar el incremento en la propagaci\u00f3n del virus Covid-19, y as\u00ed garantizar un entorno seguro para las personas en las instalaciones del Congreso de Oaxaca, se aplazan las comparecencias por la Glosa del Quinto Informe de Gobierno del titular del Poder Ejecutivo del Estado.<\/p>\n\n\n\n<p>La Junta de Coordinaci\u00f3n Pol\u00edtica (Jucopo), presidida por la diputada Laura Estrada Mauro e integrada por las y los diputados Alejandro Avil\u00e9s \u00c1lvarez, V\u00edctor Ra\u00fal Hern\u00e1ndez L\u00f3pez, No\u00e9 Doroteo Castillejos y Antonia Natividad D\u00edaz Jim\u00e9nez, determinaron un nuevo calendario, para que se presenten los titulares de la administraci\u00f3n p\u00fablica estatal.<\/p>\n\n\n\n<p>Iniciar\u00e1n las comparecencias&nbsp;el martes 18 de enero, a las diez de la ma\u00f1ana&nbsp;con la Secretar\u00eda General de Gobierno (Segego) y&nbsp;a las dos de la tarde, la Secretar\u00eda de Seguridad P\u00fablica. Esa misma semana, pero&nbsp;el jueves 20 de enero, a las nueve de la ma\u00f1ana comparecer\u00e1 el titular de la Secretar\u00eda de las Infraestructuras y el Ordenamiento Territorial Sustentable (Sinfra);&nbsp;a la una de la tarde, la Secretar\u00eda de Movilidad (Semovi) y&nbsp;a las cinco de la tarde, la Secretar\u00eda de las Culturas y Artes de Oaxaca.<\/p>\n\n\n\n<p>El martes 25 de enero, corresponde a la Secretar\u00eda de Bienestar (Sebien),&nbsp;a las diez de la ma\u00f1ana&nbsp;y la Secretar\u00eda de los Pueblos Ind\u00edgenas y Afromexicano,&nbsp;a las dos de la tarde.&nbsp;El jueves 27 de enero, comparecer\u00e1&nbsp;a las nueve de la ma\u00f1ana, la Secretar\u00eda de Administraci\u00f3n;&nbsp;a la una de la tarde, la Secretar\u00eda de Turismo y&nbsp;a las cinco de la tarde, la Secretar\u00eda de las Mujeres de Oaxaca (SMO).<\/p>\n\n\n\n<p>En el mes de febrero, arrancan el d\u00eda primero, con la comparecencia de la Secretar\u00eda del Medio Ambiente, Energ\u00edas y Desarrollo Sustentable (Semaedeso),&nbsp;a las diez de la ma\u00f1ana&nbsp;y a las dos de la tarde, la Secretar\u00eda de Desarrollo Agropecuario, Pesca y Acuacultura (Sedapa). Para&nbsp;el jueves 3 de febrero, acudir\u00e1n al Congreso los titulares de la Secretar\u00eda de la Contralor\u00eda y Transparencia Gubernamental, el Instituto Estatal de Educaci\u00f3n P\u00fablica de Oaxaca (IEEPO) y la Secretar\u00eda de Econom\u00eda (SE),&nbsp;a las nueve de la ma\u00f1ana, una y cinco de la tarde, respectivamente.<\/p>\n\n\n\n<p>El martes 8 de febrero, a las diez de la ma\u00f1ana&nbsp;se presentar\u00e1n el Instituto Oaxaque\u00f1o Constructor de Infraestructura F\u00edsica Educativa;&nbsp;a las dos de la tarde, Caminos y Aeropistas de Oaxaca (CAO) y finalmente, el jueves diez de febrero,&nbsp;a las diez de la ma\u00f1ana&nbsp;la Secretar\u00eda de Salud y&nbsp;a las dos de la tardela Secretar\u00eda de Finanzas (Sefin).<\/p>\n\n\n\n<p>Los comparecientes deber\u00e1n de abstenerse de invitar y trasladar personal a su cargo al Recinto Legislativo.<\/p>\n","protected":false},"excerpt":{"rendered":"<p>Redacci\u00f3n\/Zona Roja. Oaxaca de Ju\u00e1rez, Oax. 05 de enero de 2022.-&nbsp;Con la finalidad de reforzar&hellip;<\/p>\n","protected":false},"author":2,"featured_media":35513,"comment_status":"closed","ping_status":"open","sticky":false,"template":"","format":"standard","meta":{"_lmt_disableupdate":"","_lmt_disable":"","_jetpack_memberships_contains_paid_content":false,"footnotes":""},"categories":[109,46],"tags":[],"class_list":["post-36135","post","type-post","status-publish","format-standard","has-post-thumbnail","hentry","category-minuto-a-minuto","category-zona-blanca"],"jetpack_featured_media_url":"https:\/\/zonaroja.com.mx\/wp-content\/uploads\/2021\/12\/Sesion-Congreso-aprueba-paque-fiscal-presupuesto-2002.jpg","jetpack_sharing_enabled":true,"_links":{"self":[{"href":"https:\/\/zonaroja.com.mx\/index.php?rest_route=\/wp\/v2\/posts\/36135","targetHints":{"allow":["GET"]}}],"collection":[{"href":"https:\/\/zonaroja.com.mx\/index.php?rest_route=\/wp\/v2\/posts"}],"about":[{"href":"https:\/\/zonaroja.com.mx\/index.php?rest_route=\/wp\/v2\/types\/post"}],"author":[{"embeddable":true,"href":"https:\/\/zonaroja.com.mx\/index.php?rest_route=\/wp\/v2\/users\/2"}],"replies":[{"embeddable":true,"href":"https:\/\/zonaroja.com.mx\/index.php?rest_route=%2Fwp%2Fv2%2Fcomments&post=36135"}],"version-history":[{"count":1,"href":"https:\/\/zonaroja.com.mx\/index.php?rest_route=\/wp\/v2\/posts\/36135\/revisions"}],"predecessor-version":[{"id":36136,"href":"https:\/\/zonaroja.com.mx\/index.php?rest_route=\/wp\/v2\/posts\/36135\/revisions\/36136"}],"wp:featuredmedia":[{"embeddable":true,"href":"https:\/\/zonaroja.com.mx\/index.php?rest_route=\/wp\/v2\/media\/35513"}],"wp:attachment":[{"href":"https:\/\/zonaroja.com.mx\/index.php?rest_route=%2Fwp%2Fv2%2Fmedia&parent=36135"}],"wp:term":[{"taxonomy":"category","embeddable":true,"href":"https:\/\/zonaroja.com.mx\/index.php?rest_route=%2Fwp%2Fv2%2Fcategories&post=36135"},{"taxonomy":"post_tag","embeddable":true,"href":"https:\/\/zonaroja.com.mx\/index.php?rest_route=%2Fwp%2Fv2%2Ftags&post=36135"}],"curies":[{"name":"wp","href":"https:\/\/api.w.org\/{rel}","templated":true}]}}