{"id":36139,"date":"2022-01-05T13:03:55","date_gmt":"2022-01-05T19:03:55","guid":{"rendered":"https:\/\/www.zonaroja.com.mx\/?p=36139"},"modified":"2022-01-05T13:07:06","modified_gmt":"2022-01-05T19:07:06","slug":"en-defensa-de-ex-rector-de-la-uabjo-se-suma-destacado-academico-investigador-internacional","status":"publish","type":"post","link":"https:\/\/zonaroja.com.mx\/?p=36139","title":{"rendered":"En defensa de ex rector de la UABJO, se suma destacado acad\u00e9mico-investigador internacional"},"content":{"rendered":"\n<p>Yuridiana Sosa\/ zona Roja.&nbsp;<\/p>\n\n\n\n<p>Oaxaca de Ju\u00e1rez, Oax., 5 de enero de 2022.- Eduardo L\u00f3pez Betancourt, destacado acad\u00e9mico de la Universidad Nacional Aut\u00f3noma de M\u00e9xico (UNAM), se pronunci\u00f3 contra la detenci\u00f3n del ex rector de la UABJO, Eduardo Mart\u00ednez Helmes, acto que calific\u00f3 como pol\u00edtico.&nbsp;<\/p>\n\n\n\n<p>Por medio de un escrito dirigido a Mart\u00ednez Helmes y en una columna period\u00edstica, L\u00f3pez Betancourt expres\u00f3 su indignaci\u00f3n al hecho y su rechazo a la forma de hacer justicia en M\u00e9xico, y de la que fue v\u00edctima el ex rector.&nbsp;<\/p>\n\n\n\n<p>\u201cUno de los grandes males de nuestro pa\u00eds es el tema de la justicia. Nada nuevo son los abusos y las arbitrariedades y sin m\u00e1s, utilizarla como medio de venganza o en el mejor de los casos con instrumento de intimidaci\u00f3n (\u2026) En esta tesitura recientemente fue detenido uno de los mejores rectores que ha tenido la Universidad \u2018Benito Ju\u00e1rez\u2019 de Oaxaca\u201d.<\/p>\n\n\n\n<p>Desde la percepci\u00f3n del cr\u00edtico, Doctor en Derecho, la detenci\u00f3n es por razones meramente pol\u00edticas ante el cambio del rector de la UABJO, y donde Mart\u00ednez Helmes es un referente, \u201centonces ten\u00edan que inventarle un delito m\u00e1s absurdo y falso que una moneda de tres pesos\u201d.<\/p>\n\n\n\n<p>L\u00f3pez Betancourt reconoci\u00f3 el desempe\u00f1o de Eduardo Mart\u00ednez al frente de la UABJO, pues logr\u00f3 importantes proyectos acad\u00e9micos en coordinaci\u00f3n con la UNAM, as\u00ed como otros logros a favor de m\u00e1s instituciones de Oaxaca despu\u00e9s de su cargo.<\/p>\n\n\n\n<p>\u201cConfiamos en que las autoridades del \u00e1mbito de la justicia federal act\u00faen con ajuste a la aplicaci\u00f3n de los principios jur\u00eddicos elementales sustentados en los derechos\u201d, expres\u00f3.<\/p>\n\n\n\n<figure class=\"wp-block-embed\"><div class=\"wp-block-embed__wrapper\">\n<div class=\"twitter-tweet\"><blockquote class=\"twitter-tweet\" data-lang=\"es\"><p lang=\"es\" dir=\"ltr\"><a href=\"https:\/\/twitter.com\/hashtag\/ENVIVO?src=hash&amp;ref_src=twsrc%5Etfw\">#ENVIVO<\/a> <br>Oaxaca de Ju\u00e1rez, Oax., 5 de diciembre de 2022.- Marcha pac\u00edfica de la <a href=\"https:\/\/twitter.com\/UABJO?ref_src=twsrc%5Etfw\">@UABJO<\/a> llega al Centro Hist\u00f3rico de la ciudad de <a href=\"https:\/\/twitter.com\/hashtag\/Oaxaca?src=hash&amp;ref_src=twsrc%5Etfw\">#Oaxaca<\/a>, en defensa del ex rector Eduardo Mart\u00ednez Helmes. <br>Aqu\u00ed la transmisi\u00f3n:<br>\ud83d\udc47<a href=\"https:\/\/t.co\/HWfQ0zFMsS\">https:\/\/t.co\/HWfQ0zFMsS<\/a> <a href=\"https:\/\/t.co\/3YMmCBz3z1\">pic.twitter.com\/3YMmCBz3z1<\/a><\/p>&mdash; Zona Roja Oaxaca (@Zona_Roja_Oax) <a href=\"https:\/\/twitter.com\/Zona_Roja_Oax\/status\/1478766150393765890?ref_src=twsrc%5Etfw\">5 de enero de 2022<\/a><\/blockquote><\/div>\n<\/div><\/figure>\n\n\n\n<p>Eduardo L\u00f3pez Betancourt es de las figuras acad\u00e9micas m\u00e1s destacadas en M\u00e9xico y a nivel internacional por sus diversas contribuciones, as\u00ed como por su cr\u00edtica a los sistemas pol\u00edticos. Su postura ha sido motivo de persecuciones y descalificaciones.<\/p>\n\n\n\n<p>Adem\u00e1s de los t\u00edtulos anteriores, tambi\u00e9n es Maestro en Historia, Doctor en Pedagog\u00eda, Maestro en Educaci\u00f3n C\u00edvica y Social y Doctor en Historia. Ha creado las c\u00e1tedras en la Facultad de Filosof\u00eda y Letras, y en la Facultad de Derecho de la UNAM.<\/p>\n\n\n\n<p>Es autor de 34 obras jur\u00eddicas y 15 de denuncia; es Primer Premio Nacional de Periodismo 1999 y 2000; as\u00ed como miembro del Sistema Nacional de Investigadores (SNI).<\/p>\n\n\n\n<p>Tambi\u00e9n ha impartido conferencias y presentado ponencias, en diversidad de congresos internacionales del \u00e1mbito del Derecho y la Pedagog\u00eda. Actualmente imparte clases en la Licenciatura y en la Divisi\u00f3n de Estudios de Posgrado de la Facultad de Derecho de la UNAM, ofrece un curso anual de Pedagog\u00eda Jur\u00eddica en la Universidad de Buenos Aires y realiza actividades acad\u00e9micas en las universidades espa\u00f1olas: Complutense de Madrid, Carlos III de Madrid, Valencia y C\u00f3rdoba, entre otras.<\/p>\n\n\n\n<p>MARCHA POR MART\u00cdNEZ HELMES&nbsp;<\/p>\n\n\n\n<p>Por otra parte, autoridades, directivos, docentes y alumnos de la UABJO marcharon&nbsp;este mi\u00e9rcoles&nbsp;en la capital del estado para exigir la libertad del ex rector, Eduardo Mart\u00ednez Helmes, detenido el 31 de diciembre por presuntamente cometer defraudaci\u00f3n fiscal.<\/p>\n\n\n\n<p>Los universitarios se manifestaron por un proceso justo y apegado a derecho, pues el delito imputado no amerita prisi\u00f3n preventiva.<\/p>\n\n\n\n<p>La marcha se realiz\u00f3 de la fuente de las Ocho Regiones, al norte de la capital, al edificio central de la Facultad de Derecho en el Centro Hist\u00f3rico de Oaxaca, donde culmin\u00f3 la movilizaci\u00f3n en que participaron estudiantes, trabajadores y catedr\u00e1ticos, adem\u00e1s de representantes de varios sindicatos. <\/p>\n","protected":false},"excerpt":{"rendered":"<p>Yuridiana Sosa\/ zona Roja.&nbsp; Oaxaca de Ju\u00e1rez, Oax., 5 de enero de 2022.- Eduardo L\u00f3pez&hellip;<\/p>\n","protected":false},"author":2,"featured_media":36138,"comment_status":"closed","ping_status":"open","sticky":false,"template":"","format":"standard","meta":{"_lmt_disableupdate":"","_lmt_disable":"","_jetpack_memberships_contains_paid_content":false,"footnotes":""},"categories":[109,46],"tags":[],"class_list":["post-36139","post","type-post","status-publish","format-standard","has-post-thumbnail","hentry","category-minuto-a-minuto","category-zona-blanca"],"jetpack_featured_media_url":"https:\/\/zonaroja.com.mx\/wp-content\/uploads\/2022\/01\/fef4a1b1-1ba7-4fc9-ac1e-0c43e7c7bfd4-1.jpg","jetpack_sharing_enabled":true,"_links":{"self":[{"href":"https:\/\/zonaroja.com.mx\/index.php?rest_route=\/wp\/v2\/posts\/36139","targetHints":{"allow":["GET"]}}],"collection":[{"href":"https:\/\/zonaroja.com.mx\/index.php?rest_route=\/wp\/v2\/posts"}],"about":[{"href":"https:\/\/zonaroja.com.mx\/index.php?rest_route=\/wp\/v2\/types\/post"}],"author":[{"embeddable":true,"href":"https:\/\/zonaroja.com.mx\/index.php?rest_route=\/wp\/v2\/users\/2"}],"replies":[{"embeddable":true,"href":"https:\/\/zonaroja.com.mx\/index.php?rest_route=%2Fwp%2Fv2%2Fcomments&post=36139"}],"version-history":[{"count":1,"href":"https:\/\/zonaroja.com.mx\/index.php?rest_route=\/wp\/v2\/posts\/36139\/revisions"}],"predecessor-version":[{"id":36140,"href":"https:\/\/zonaroja.com.mx\/index.php?rest_route=\/wp\/v2\/posts\/36139\/revisions\/36140"}],"wp:featuredmedia":[{"embeddable":true,"href":"https:\/\/zonaroja.com.mx\/index.php?rest_route=\/wp\/v2\/media\/36138"}],"wp:attachment":[{"href":"https:\/\/zonaroja.com.mx\/index.php?rest_route=%2Fwp%2Fv2%2Fmedia&parent=36139"}],"wp:term":[{"taxonomy":"category","embeddable":true,"href":"https:\/\/zonaroja.com.mx\/index.php?rest_route=%2Fwp%2Fv2%2Fcategories&post=36139"},{"taxonomy":"post_tag","embeddable":true,"href":"https:\/\/zonaroja.com.mx\/index.php?rest_route=%2Fwp%2Fv2%2Ftags&post=36139"}],"curies":[{"name":"wp","href":"https:\/\/api.w.org\/{rel}","templated":true}]}}