{"id":36144,"date":"2022-01-05T20:40:10","date_gmt":"2022-01-06T02:40:10","guid":{"rendered":"http:\/\/www.zonaroja.com.mx\/?p=36144"},"modified":"2022-01-05T22:40:06","modified_gmt":"2022-01-06T04:40:06","slug":"no-puede-segego-con-protestas-hoy-en-canada-valles-e-istmo","status":"publish","type":"post","link":"https:\/\/zonaroja.com.mx\/?p=36144","title":{"rendered":"No puede Segego con protestas; hoy en Ca\u00f1ada, Valles e Istmo"},"content":{"rendered":"\n<p>Yuridiana Sosa\/Zona Roja.<\/p>\n\n\n\n<p>Oaxaca de Ju\u00e1rez, Oax., 5 de enero de 2021.- Las manifestaciones en la entidad contin\u00faan este inicio de a\u00f1o, a falta de pol\u00edtica interna por parte de la Secretar\u00eda General de Gobierno.<\/p>\n\n\n\n<p>Este mi\u00e9rcoles, con particular presencia de bloqueos carreteros y protestas en las regiones Valles Centrales, Istmo y Ca\u00f1ada.<\/p>\n\n\n\n<p>En la capital, integrantes de la Uni\u00f3n de Productores de Oaxaca, se movilizaron en el marco de la reuni\u00f3n que sostendr\u00edan con las autoridades municipales de Oaxaca de Ju\u00e1rez, para solicitar un espacio para su venta.<\/p>\n\n\n\n<p>Los representantes de unos 600 productores de la entidad se\u00f1alaron que el lugar asignado por la administraci\u00f3n de Oswaldo Garc\u00eda Jarqu\u00edn, en inmediaciones de la ex f\u00e1brica de triplay, no cuenta con las condiciones para su actividad, son insalubres y no cuentan con las condiciones de orden social.<\/p>\n\n\n\n<p>De forma constante, apuntaron, son extorsionados y hostigados por su presencia en el lugar, por lo que exigen al nuevo edil, Francisco Mart\u00ednez Neri, les ofrezca una mejor plaza para expedir sus productos.<\/p>\n\n\n\n<p>Por otra parte, la organizaci\u00f3n \u201cSol Rojo\u201d march\u00f3 para demandar al gobierno municipal espacios para la venta en v\u00eda p\u00fablica para los comerciantes informales.<\/p>\n\n\n\n<p>Los agremiados a este grupo llegaron al palacio municipal en busca de ser atendidos por la autoridad local. Los vendedores quieren reinstalarse en varios puntos que fueron desalojados, pero ahora con la autorizaci\u00f3n municipal.<\/p>\n\n\n\n<p>EN OTRAS REGIONES<\/p>\n\n\n\n<p>Tambi\u00e9n, este mi\u00e9rcoles se registr\u00f3 un bloqueo sobre la carretera federal 182 Teotitl\u00e1n-Huautla de Jim\u00e9nez, de la regi\u00f3n de la Ca\u00f1ada, lo que ocasion\u00f3 largas filas de veh\u00edculos que transitan por esta v\u00eda importante en la zona.<\/p>\n\n\n\n<p>Mientras que, en la regi\u00f3n del Istmo, un grupo de personas cerr\u00f3 el paso en la carretera Panamericana, en el tramo Jalapa del Marqu\u00e9s-Tequisistl\u00e1n, en el paraje \u201cLa Tejabana\u201d, impidiendo la comunicaci\u00f3n hacia la capital del estado.<\/p>\n\n\n\n<p>La protesta est\u00e1 relacionada a problemas pol\u00edticos contra la edil, Joselin Esquivel Balseca, a quien sus opositores demandaron auditor\u00eda a su primera administraci\u00f3n, as\u00ed como denunciaron que la presidenta, quien repite cargo, se opone a la integraci\u00f3n de ex candidatos, que por derecho electoral les corresponde un lugar dentro del cabildo.<\/p>\n\n\n\n<p>El bloqueo fue retirado por la tarde; en todos los casos no hubo informaci\u00f3n por parte de la Secretar\u00eda General de Gobierno acerca de la atenci\u00f3n a estos casos.<\/p>\n","protected":false},"excerpt":{"rendered":"<p>Yuridiana Sosa\/Zona Roja. Oaxaca de Ju\u00e1rez, Oax., 5 de enero de 2021.- Las manifestaciones en&hellip;<\/p>\n","protected":false},"author":2,"featured_media":36145,"comment_status":"closed","ping_status":"open","sticky":false,"template":"","format":"standard","meta":{"_lmt_disableupdate":"","_lmt_disable":"","_jetpack_memberships_contains_paid_content":false,"footnotes":""},"categories":[109,47],"tags":[2264],"class_list":["post-36144","post","type-post","status-publish","format-standard","has-post-thumbnail","hentry","category-minuto-a-minuto","category-zona-gris","tag-bloqueos-y-protestas-oaxaca"],"jetpack_featured_media_url":"https:\/\/zonaroja.com.mx\/wp-content\/uploads\/2022\/01\/Bloqueo-carretero-Istmo.jpg","jetpack_sharing_enabled":true,"_links":{"self":[{"href":"https:\/\/zonaroja.com.mx\/index.php?rest_route=\/wp\/v2\/posts\/36144","targetHints":{"allow":["GET"]}}],"collection":[{"href":"https:\/\/zonaroja.com.mx\/index.php?rest_route=\/wp\/v2\/posts"}],"about":[{"href":"https:\/\/zonaroja.com.mx\/index.php?rest_route=\/wp\/v2\/types\/post"}],"author":[{"embeddable":true,"href":"https:\/\/zonaroja.com.mx\/index.php?rest_route=\/wp\/v2\/users\/2"}],"replies":[{"embeddable":true,"href":"https:\/\/zonaroja.com.mx\/index.php?rest_route=%2Fwp%2Fv2%2Fcomments&post=36144"}],"version-history":[{"count":2,"href":"https:\/\/zonaroja.com.mx\/index.php?rest_route=\/wp\/v2\/posts\/36144\/revisions"}],"predecessor-version":[{"id":36156,"href":"https:\/\/zonaroja.com.mx\/index.php?rest_route=\/wp\/v2\/posts\/36144\/revisions\/36156"}],"wp:featuredmedia":[{"embeddable":true,"href":"https:\/\/zonaroja.com.mx\/index.php?rest_route=\/wp\/v2\/media\/36145"}],"wp:attachment":[{"href":"https:\/\/zonaroja.com.mx\/index.php?rest_route=%2Fwp%2Fv2%2Fmedia&parent=36144"}],"wp:term":[{"taxonomy":"category","embeddable":true,"href":"https:\/\/zonaroja.com.mx\/index.php?rest_route=%2Fwp%2Fv2%2Fcategories&post=36144"},{"taxonomy":"post_tag","embeddable":true,"href":"https:\/\/zonaroja.com.mx\/index.php?rest_route=%2Fwp%2Fv2%2Ftags&post=36144"}],"curies":[{"name":"wp","href":"https:\/\/api.w.org\/{rel}","templated":true}]}}