{"id":36147,"date":"2022-01-05T21:42:44","date_gmt":"2022-01-06T03:42:44","guid":{"rendered":"http:\/\/www.zonaroja.com.mx\/?p=36147"},"modified":"2022-01-05T21:42:48","modified_gmt":"2022-01-06T03:42:48","slug":"dejo-saqueado-dante-montano-el-ayuntamiento-de-santa-lucia-del-camino","status":"publish","type":"post","link":"https:\/\/zonaroja.com.mx\/?p=36147","title":{"rendered":"Dej\u00f3 saqueado Dante Monta\u00f1o el ayuntamiento de Santa Luc\u00eda del Camino"},"content":{"rendered":"\n<p>Yuridiana Sosa\/Zona Roja.<\/p>\n\n\n\n<p>Oaxaca de Ju\u00e1rez, Oax., 5 de enero de 2022.- El presidente municipal de Santa Luc\u00eda del Camino, Juan Carlos Garc\u00eda M\u00e1rquez, se\u00f1al\u00f3 que recibi\u00f3 una administraci\u00f3n con m\u00faltiples deficiencias, desde lo administrativo y servicios b\u00e1sicos, hasta en infraestructura.<\/p>\n\n\n\n<p>Por la falta de entrega-recepci\u00f3n de sellos y documentos utilizados y realizados durante el periodo anterior que encabez\u00f3 Dante Monta\u00f1o, el edil interpuso las denuncias correspondientes ante la Fiscal\u00eda General de Oaxaca y la Fiscal\u00eda General de la Rep\u00fablica.<\/p>\n\n\n\n<p>As\u00ed lo dio a conocer Garc\u00eda M\u00e1rquez en conferencia de prensa este mi\u00e9rcoles, donde tambi\u00e9n manifest\u00f3 sobre el problema con el servicio de recolecci\u00f3n de basura que persiste en el municipio, el cual se restablecer\u00e1 a partir del pr\u00f3ximo lunes.<\/p>\n\n\n\n<p>El edil apunt\u00f3 que la administraci\u00f3n anterior ofreci\u00f3 el servicio de recolecci\u00f3n por medio de camiones en renta, mismos que fueron retirados por la empresa una semana antes de culminar el trienio, por lo que el servicio qued\u00f3 suspendido desde esa fecha.<\/p>\n\n\n\n<figure class=\"wp-block-embed is-type-rich is-provider-twitter wp-block-embed-twitter\"><div class=\"wp-block-embed__wrapper\">\n<div class=\"twitter-tweet\"><blockquote class=\"twitter-tweet\" data-lang=\"es\"><p lang=\"es\" dir=\"ltr\"><a href=\"https:\/\/twitter.com\/hashtag\/ENVIVO?src=hash&amp;ref_src=twsrc%5Etfw\">#ENVIVO<\/a><br>Santa Luc\u00eda del Camino, Oax., 5 de enero de 2022.- Conferencia de prensa del edil <a href=\"https:\/\/twitter.com\/JC_GMarquez?ref_src=twsrc%5Etfw\">@JC_GMarquez<\/a>, respecto a la problem\u00e1tica del servicio de limpia; ex presidente <a href=\"https:\/\/twitter.com\/DANTEMONTANO?ref_src=twsrc%5Etfw\">@dantemontano<\/a> dej\u00f3 un desastre y muchas deudas.<br>Aqu\u00ed la transmisi\u00f3n:<br>\ud83d\udc47<a href=\"https:\/\/t.co\/z0TkXgRBkt\">https:\/\/t.co\/z0TkXgRBkt<\/a> <a href=\"https:\/\/t.co\/sZMmEdTwaV\">pic.twitter.com\/sZMmEdTwaV<\/a><\/p>&mdash; Zona Roja Oaxaca (@Zona_Roja_Oax) <a href=\"https:\/\/twitter.com\/Zona_Roja_Oax\/status\/1478830114536398851?ref_src=twsrc%5Etfw\">5 de enero de 2022<\/a><\/blockquote><\/div>\n<\/div><\/figure>\n\n\n\n<p>Para restablecer la recolecci\u00f3n con veh\u00edculos propios, la nueva administraci\u00f3n adquirir\u00e1 tres unidades con un valor de tres millones 260 mil pesos, con cr\u00e9dito a pagar a un a\u00f1o; estos camiones son los mismos que ocuparon en la administraci\u00f3n pasada.<\/p>\n\n\n\n<p>Tambi\u00e9n deber\u00e1n enfrentar una deuda de m\u00e1s de 480 mil pesos con la Comisi\u00f3n Federal de Electricidad y miles de pesos m\u00e1s con la empresa que ofrece el servicio de internet; as\u00ed como dar\u00e1n mantenimiento a las oficinas que se entregaron en condiciones deplorables.<\/p>\n\n\n\n<p>Lament\u00f3 que no se pudiera llevar a cabo el proceso de entrega-recepci\u00f3n por parte de ahora ex edil Dante Monta\u00f1o, quien tampoco se ha presentado a asumir su cargo como concejal, a cinco d\u00edas de iniciada la nueva administraci\u00f3n municipal.<\/p>\n","protected":false},"excerpt":{"rendered":"<p>Yuridiana Sosa\/Zona Roja. Oaxaca de Ju\u00e1rez, Oax., 5 de enero de 2022.- El presidente municipal&hellip;<\/p>\n","protected":false},"author":2,"featured_media":36148,"comment_status":"closed","ping_status":"open","sticky":false,"template":"","format":"standard","meta":{"_lmt_disableupdate":"","_lmt_disable":"","_jetpack_memberships_contains_paid_content":false,"footnotes":""},"categories":[109,47],"tags":[2533],"class_list":["post-36147","post","type-post","status-publish","format-standard","has-post-thumbnail","hentry","category-minuto-a-minuto","category-zona-gris","tag-juan-carlos-garcia-marquez"],"jetpack_featured_media_url":"https:\/\/zonaroja.com.mx\/wp-content\/uploads\/2022\/01\/Conferencia-Juan-Carlos-Garcia-Marquez.jpg","jetpack_sharing_enabled":true,"_links":{"self":[{"href":"https:\/\/zonaroja.com.mx\/index.php?rest_route=\/wp\/v2\/posts\/36147","targetHints":{"allow":["GET"]}}],"collection":[{"href":"https:\/\/zonaroja.com.mx\/index.php?rest_route=\/wp\/v2\/posts"}],"about":[{"href":"https:\/\/zonaroja.com.mx\/index.php?rest_route=\/wp\/v2\/types\/post"}],"author":[{"embeddable":true,"href":"https:\/\/zonaroja.com.mx\/index.php?rest_route=\/wp\/v2\/users\/2"}],"replies":[{"embeddable":true,"href":"https:\/\/zonaroja.com.mx\/index.php?rest_route=%2Fwp%2Fv2%2Fcomments&post=36147"}],"version-history":[{"count":1,"href":"https:\/\/zonaroja.com.mx\/index.php?rest_route=\/wp\/v2\/posts\/36147\/revisions"}],"predecessor-version":[{"id":36149,"href":"https:\/\/zonaroja.com.mx\/index.php?rest_route=\/wp\/v2\/posts\/36147\/revisions\/36149"}],"wp:featuredmedia":[{"embeddable":true,"href":"https:\/\/zonaroja.com.mx\/index.php?rest_route=\/wp\/v2\/media\/36148"}],"wp:attachment":[{"href":"https:\/\/zonaroja.com.mx\/index.php?rest_route=%2Fwp%2Fv2%2Fmedia&parent=36147"}],"wp:term":[{"taxonomy":"category","embeddable":true,"href":"https:\/\/zonaroja.com.mx\/index.php?rest_route=%2Fwp%2Fv2%2Fcategories&post=36147"},{"taxonomy":"post_tag","embeddable":true,"href":"https:\/\/zonaroja.com.mx\/index.php?rest_route=%2Fwp%2Fv2%2Ftags&post=36147"}],"curies":[{"name":"wp","href":"https:\/\/api.w.org\/{rel}","templated":true}]}}