{"id":36150,"date":"2022-01-05T22:04:37","date_gmt":"2022-01-06T04:04:37","guid":{"rendered":"http:\/\/www.zonaroja.com.mx\/?p=36150"},"modified":"2022-01-05T22:04:41","modified_gmt":"2022-01-06T04:04:41","slug":"cuarta-ola-de-covid-seria-a-finales-de-enero-y-principios-de-febrero","status":"publish","type":"post","link":"https:\/\/zonaroja.com.mx\/?p=36150","title":{"rendered":"Cuarta ola de Covid ser\u00eda a finales de enero y principios de febrero"},"content":{"rendered":"\n<p>Redacci\u00f3n\/Zona Roja.<\/p>\n\n\n\n<p>Oaxaca de Ju\u00e1rez, Oax., 5 de enero de 2022.- Los Servicios de Salud de Oaxaca (SSO) informaron que en la \u00faltima quincena de enero y primera del mes de febrero, se espera un repunte de casos activos y hospitalizaciones por Covid-19.<\/p>\n\n\n\n<p>Ello derivado de las reuniones familiares que se efectuaron en el mes de diciembre y al relajamiento de las medidas sanitarias contra la pandemia, informaron a trav\u00e9s de un comunicado.<\/p>\n\n\n\n<p>La dependencia estatal exhort\u00f3 a la poblaci\u00f3n a no bajar la guardia, seguir con las medidas sanitarias para cortar la cadena de contagios, evitar los lugares concurridos y poco ventilados, usar el cubrebocas de forma correcta que cubra nariz y barbilla, aplicar la sana distancia y lavarse las manos.<\/p>\n\n\n\n<p>Y es que este mi\u00e9rcoles, los SSO han contabilizado 165 casos nuevos de Covid-19 y dos defunciones, que suman 84 mil 528 casos acumulados y cinco mil 662 decesos, hay 465 casos activos en 68 municipios y 78 mil 401 personas se han recuperado de la enfermedad.<\/p>\n\n\n\n<figure class=\"wp-block-embed is-type-rich is-provider-twitter wp-block-embed-twitter\"><div class=\"wp-block-embed__wrapper\">\n<div class=\"twitter-tweet\"><blockquote class=\"twitter-tweet\" data-lang=\"es\"><p lang=\"es\" dir=\"ltr\"><a href=\"https:\/\/twitter.com\/hashtag\/%C3%9AltimoMinuto?src=hash&amp;ref_src=twsrc%5Etfw\">#\u00daltimoMinuto<\/a><br>Tambi\u00e9n en <a href=\"https:\/\/twitter.com\/hashtag\/Oaxaca?src=hash&amp;ref_src=twsrc%5Etfw\">#Oaxaca<\/a> sigue en ascenso el Covid. Este mi\u00e9rcoles los Servicios de Salud reportan 165 casos positivos y 2 decesos.<br>Suman 84 mil 528 casos confirmados y 5 mil 662 fallecimientos.<br>Hay 4 nosocomios saturados; ocupaci\u00f3n hospitalaria promedio de 17.3%. <a href=\"https:\/\/t.co\/5NSBax7vam\">pic.twitter.com\/5NSBax7vam<\/a><\/p>&mdash; Zona Roja Oaxaca (@Zona_Roja_Oax) <a href=\"https:\/\/twitter.com\/Zona_Roja_Oax\/status\/1478916600392736773?ref_src=twsrc%5Etfw\">6 de enero de 2022<\/a><\/blockquote><\/div>\n<\/div><\/figure>\n\n\n\n<p>Los 165 casos nuevos se distribuyen en 40 municipios siendo los principales, Oaxaca de Ju\u00e1rez con 44, Santa Mar\u00eda Huatulco 17, Heroica Ciudad de Huajuapan de Le\u00f3n 10, Santa Cruz Xoxocotl\u00e1n y Santo Domingo Ingenio nueve cada uno, Salina Cruz y Pinotepa Nacional ocho, San Pedro Mixtepec Distrito 22 y Santa Luc\u00eda del Camino cinco cada uno, Santa Mar\u00eda Atzompa y Santo Domingo Tehuantepec cuatro cada uno, el resto tres, dos y un solo caso.<\/p>\n\n\n\n<p>De las cinco mil 662 defunciones, por sexo tres mil 613 son hombres y dos mil 49 mujeres, el grupo de edad m\u00e1s afectado son los de 65 y m\u00e1s con dos mil 646, seguido de 50 a 59 con mil 193, y de 60 a 64 con 774, las comorbilidades asociadas son la hipertensi\u00f3n arterial con 39.2%, la diabetes con 36.5%, obesidad 21.1%, e insuficiencia renal 6.4%.<\/p>\n\n\n\n<p>En relaci\u00f3n a la ocupaci\u00f3n hospitalaria para la atenci\u00f3n de pacientes con Covid-19, hay un global de 17.3%, cuatro hospitales se encuentran al 100% de su capacidad, hoy ingresaron dos personas a hospitalizaci\u00f3n.<\/p>\n\n\n\n<p>Hay 73 camas ocupadas de un total de 349 disponibles de un total de 422 para la atenci\u00f3n de la pandemia, la Jurisdicci\u00f3n Sanitaria de la Mixteca registra un 54.1% de saturaci\u00f3n, Tuxtepec 20.6%, Valles Centrales 17.1%, Costa 12.7%, Istmo 6.0%, y Sierra 0%.<\/p>\n","protected":false},"excerpt":{"rendered":"<p>Redacci\u00f3n\/Zona Roja. Oaxaca de Ju\u00e1rez, Oax., 5 de enero de 2022.- Los Servicios de Salud&hellip;<\/p>\n","protected":false},"author":2,"featured_media":36151,"comment_status":"closed","ping_status":"open","sticky":false,"template":"","format":"standard","meta":{"_lmt_disableupdate":"","_lmt_disable":"","_jetpack_memberships_contains_paid_content":false,"footnotes":""},"categories":[109,47],"tags":[1512],"class_list":["post-36150","post","type-post","status-publish","format-standard","has-post-thumbnail","hentry","category-minuto-a-minuto","category-zona-gris","tag-coronavirus-oaxaca"],"jetpack_featured_media_url":"https:\/\/zonaroja.com.mx\/wp-content\/uploads\/2022\/01\/05-de-enero-2022-Comunicado-te\u0301cnico.jpg","jetpack_sharing_enabled":true,"_links":{"self":[{"href":"https:\/\/zonaroja.com.mx\/index.php?rest_route=\/wp\/v2\/posts\/36150","targetHints":{"allow":["GET"]}}],"collection":[{"href":"https:\/\/zonaroja.com.mx\/index.php?rest_route=\/wp\/v2\/posts"}],"about":[{"href":"https:\/\/zonaroja.com.mx\/index.php?rest_route=\/wp\/v2\/types\/post"}],"author":[{"embeddable":true,"href":"https:\/\/zonaroja.com.mx\/index.php?rest_route=\/wp\/v2\/users\/2"}],"replies":[{"embeddable":true,"href":"https:\/\/zonaroja.com.mx\/index.php?rest_route=%2Fwp%2Fv2%2Fcomments&post=36150"}],"version-history":[{"count":1,"href":"https:\/\/zonaroja.com.mx\/index.php?rest_route=\/wp\/v2\/posts\/36150\/revisions"}],"predecessor-version":[{"id":36152,"href":"https:\/\/zonaroja.com.mx\/index.php?rest_route=\/wp\/v2\/posts\/36150\/revisions\/36152"}],"wp:featuredmedia":[{"embeddable":true,"href":"https:\/\/zonaroja.com.mx\/index.php?rest_route=\/wp\/v2\/media\/36151"}],"wp:attachment":[{"href":"https:\/\/zonaroja.com.mx\/index.php?rest_route=%2Fwp%2Fv2%2Fmedia&parent=36150"}],"wp:term":[{"taxonomy":"category","embeddable":true,"href":"https:\/\/zonaroja.com.mx\/index.php?rest_route=%2Fwp%2Fv2%2Fcategories&post=36150"},{"taxonomy":"post_tag","embeddable":true,"href":"https:\/\/zonaroja.com.mx\/index.php?rest_route=%2Fwp%2Fv2%2Ftags&post=36150"}],"curies":[{"name":"wp","href":"https:\/\/api.w.org\/{rel}","templated":true}]}}