{"id":36157,"date":"2022-01-06T07:32:19","date_gmt":"2022-01-06T13:32:19","guid":{"rendered":"http:\/\/www.zonaroja.com.mx\/?p=36157"},"modified":"2022-01-06T07:32:22","modified_gmt":"2022-01-06T13:32:22","slug":"pagan-a-becarios-de-estrategia-nacional-de-iniciacion-a-la-docencia-en-medio-indigena","status":"publish","type":"post","link":"https:\/\/zonaroja.com.mx\/?p=36157","title":{"rendered":"Pagan a becarios de Estrategia Nacional de Iniciaci\u00f3n a la Docencia en Medio Ind\u00edgena"},"content":{"rendered":"\n<p>Redacci\u00f3n\/Zona Roja.<\/p>\n\n\n\n<p>Oaxaca de Ju\u00e1rez, Oax., 6 de enero de 2022.- Con apego a los protocolos y medidas sanitarias establecidas, el Instituto Estatal de Educaci\u00f3n P\u00fablica de Oaxaca (IEEPO) realiz\u00f3 en tiempo y forma el pago de becas a las y los 400 j\u00f3venes hablantes de lenguas originarias y sus variantes dialectales, incorporados a la Estrategia Nacional de Iniciaci\u00f3n a la Docencia en el Medio Ind\u00edgena (ENIDMI).<\/p>\n\n\n\n<p>A trav\u00e9s de este modelo educativo, \u00fanico en el pa\u00eds, impulsado por el gobernador Alejandro Murat Hinojosa en coordinaci\u00f3n con la Secretar\u00eda de Educaci\u00f3n P\u00fablica (SEP) y la dirigencia magisterial, las y los becarios prestan servicio como maestras y maestros en escuelas de los niveles de educaci\u00f3n inicial, preescolar y primaria de sus comunidades de origen, en la mayor\u00eda de los casos de zonas alejadas.<\/p>\n\n\n\n<p>Ante el panorama actual por Covid-19, con apoyo del \u00c1rea de Protecci\u00f3n Civil y Emergencia Escolar, se coordinaron los protocolos de higiene para ingreso, permanencia y salida de las personas a la pagadur\u00eda de San Felipe del Agua en la ciudad de Oaxaca, como son el lavado de manos obligatorio, el uso de gel antibacterial y la portaci\u00f3n de cubrebocas.<\/p>\n\n\n\n<p>Adem\u00e1s, como lo ha instruido el encargado del despacho del IEEPO, Ernesto L\u00f3pez Montero, se informa y brindan las indicaciones pertinentes a fin de mantener el orden en todo momento con la debida sana distancia y proteger la salud y la vida de quienes acuden a realizar \u00e9ste y otros tr\u00e1mites.<\/p>\n\n\n\n<p>Sobre la Estrategia Nacional de Iniciaci\u00f3n a la Docencia en el Medio Ind\u00edgena (ENIDMI), el titular de la Unidad de Educaci\u00f3n Ind\u00edgena, Omar Lara Ju\u00e1rez explic\u00f3 que las y los j\u00f3venes becarios actualmente se encuentran inscritos en las licenciaturas en Educaci\u00f3n Preescolar y Educaci\u00f3n Primaria para el Medio Ind\u00edgena (LEPEPMI\u00b490), en las diferentes sedes de la Universidad Pedag\u00f3gica Nacional (UPN), como parte de su profesionalizaci\u00f3n.<\/p>\n\n\n\n<p>Indic\u00f3 que al t\u00e9rmino de esta etapa, la cual iniciaron en febrero de 2020 tras un Curso de Inducci\u00f3n a la Docencia y un curso intensivo, podr\u00e1n estar en condiciones de acceder a una plaza base inicial para que se desempe\u00f1en como docentes, en beneficio de 318 escuelas ubicadas en igual n\u00famero de comunidades que atienden a 26 mil 450 alumnas y alumnos.<\/p>\n\n\n\n<p>A trav\u00e9s de esta estrategia, enfatiz\u00f3, se ha logrado el arraigo de los maestros, su formaci\u00f3n como profesores ind\u00edgenas, garantizando el acceso a la prestaci\u00f3n de servicios educativos en las distintas comunidades y pueblos originarios de la entidad y conservando adem\u00e1s la cultura y lengua aut\u00f3ctonas.<\/p>\n\n\n\n<p>Por otra parte, se apoya a las y los j\u00f3venes a que contin\u00faen con sus estudios pedag\u00f3gicos con una ayuda econ\u00f3mica, lo que tiene como resultados el mejoramiento en el servicio educativo, la atenci\u00f3n a la pertinencia multicultural y ling\u00fc\u00edstica y la disminuci\u00f3n en el rezago educativo, puntualiz\u00f3.<\/p>\n","protected":false},"excerpt":{"rendered":"<p>Redacci\u00f3n\/Zona Roja. Oaxaca de Ju\u00e1rez, Oax., 6 de enero de 2022.- Con apego a los&hellip;<\/p>\n","protected":false},"author":2,"featured_media":36158,"comment_status":"closed","ping_status":"open","sticky":false,"template":"","format":"standard","meta":{"_lmt_disableupdate":"","_lmt_disable":"","_jetpack_memberships_contains_paid_content":false,"footnotes":""},"categories":[109,46,47],"tags":[2837],"class_list":["post-36157","post","type-post","status-publish","format-standard","has-post-thumbnail","hentry","category-minuto-a-minuto","category-zona-blanca","category-zona-gris","tag-instituto-estatal-de-educacion-publica-de-oaxaca-ieepo"],"jetpack_featured_media_url":"https:\/\/zonaroja.com.mx\/wp-content\/uploads\/2022\/01\/Pago-IEEPO-becarios.jpg","jetpack_sharing_enabled":true,"_links":{"self":[{"href":"https:\/\/zonaroja.com.mx\/index.php?rest_route=\/wp\/v2\/posts\/36157","targetHints":{"allow":["GET"]}}],"collection":[{"href":"https:\/\/zonaroja.com.mx\/index.php?rest_route=\/wp\/v2\/posts"}],"about":[{"href":"https:\/\/zonaroja.com.mx\/index.php?rest_route=\/wp\/v2\/types\/post"}],"author":[{"embeddable":true,"href":"https:\/\/zonaroja.com.mx\/index.php?rest_route=\/wp\/v2\/users\/2"}],"replies":[{"embeddable":true,"href":"https:\/\/zonaroja.com.mx\/index.php?rest_route=%2Fwp%2Fv2%2Fcomments&post=36157"}],"version-history":[{"count":1,"href":"https:\/\/zonaroja.com.mx\/index.php?rest_route=\/wp\/v2\/posts\/36157\/revisions"}],"predecessor-version":[{"id":36159,"href":"https:\/\/zonaroja.com.mx\/index.php?rest_route=\/wp\/v2\/posts\/36157\/revisions\/36159"}],"wp:featuredmedia":[{"embeddable":true,"href":"https:\/\/zonaroja.com.mx\/index.php?rest_route=\/wp\/v2\/media\/36158"}],"wp:attachment":[{"href":"https:\/\/zonaroja.com.mx\/index.php?rest_route=%2Fwp%2Fv2%2Fmedia&parent=36157"}],"wp:term":[{"taxonomy":"category","embeddable":true,"href":"https:\/\/zonaroja.com.mx\/index.php?rest_route=%2Fwp%2Fv2%2Fcategories&post=36157"},{"taxonomy":"post_tag","embeddable":true,"href":"https:\/\/zonaroja.com.mx\/index.php?rest_route=%2Fwp%2Fv2%2Ftags&post=36157"}],"curies":[{"name":"wp","href":"https:\/\/api.w.org\/{rel}","templated":true}]}}