{"id":36160,"date":"2022-01-06T07:52:48","date_gmt":"2022-01-06T13:52:48","guid":{"rendered":"http:\/\/www.zonaroja.com.mx\/?p=36160"},"modified":"2022-01-06T07:54:10","modified_gmt":"2022-01-06T13:54:10","slug":"arrasa-incendio-mas-de-12-has-en-la-mixteca-pero-conflicto-dificulta-combate","status":"publish","type":"post","link":"https:\/\/zonaroja.com.mx\/?p=36160","title":{"rendered":"Arrasa incendio m\u00e1s de 12 has en la Mixteca pero conflicto dificulta combate"},"content":{"rendered":"\n<p>Redacci\u00f3n\/Zona Roja.<\/p>\n\n\n\n<p>Oaxaca de Ju\u00e1rez, Oax., 6 de enero de 2022.- Hasta ayer, m\u00e1s de 12 hect\u00e1reas de bosques se hab\u00edan consumido en Santiago Juxtlahuaca, Oaxaca, por un incendio forestal que surgi\u00f3 hace tres d\u00edas.<\/p>\n\n\n\n<p>Pero el conflicto entre comunidades ha impedido el combate en varios frentes, inform\u00f3 la Comisi\u00f3n Estatal Forestal de Oaxaca (Coesfo).<\/p>\n\n\n\n<p>A trav\u00e9s de sus redes sociales, el director del organismo del Gobierno del Estado, Aar\u00f3n Ju\u00e1rez, detall\u00f3 que desde el primer momento se pidi\u00f3 a la Secretar\u00eda General de Gobierno (Segego) intervenir y dialogar con las respectivas autoridades para ingresar a combatir el incendio.<\/p>\n\n\n\n<figure class=\"wp-block-embed is-type-rich is-provider-twitter wp-block-embed-twitter\"><div class=\"wp-block-embed__wrapper\">\n<div class=\"twitter-tweet\"><blockquote class=\"twitter-tweet\" data-lang=\"es\"><p lang=\"es\" dir=\"ltr\">Informo que se ingres\u00f3 a combatir el frente que va a Yosoyuxi, y el frente que va a San Juan Copala no tiene atenci\u00f3n por el mismo conflicto q impide \u00e9l acceso, participa <a href=\"https:\/\/twitter.com\/CEPCO_GobOax?ref_src=twsrc%5Etfw\">@CEPCO_GobOax<\/a> <a href=\"https:\/\/twitter.com\/CONAFOR?ref_src=twsrc%5Etfw\">@CONAFOR<\/a> <a href=\"https:\/\/twitter.com\/Policia_GobOax?ref_src=twsrc%5Etfw\">@Policia_GobOax<\/a> y la <a href=\"https:\/\/twitter.com\/GN_MEXICO_?ref_src=twsrc%5Etfw\">@GN_MEXICO_<\/a> desde las 6 am de hoy. <a href=\"https:\/\/twitter.com\/alejandromurat?ref_src=twsrc%5Etfw\">@alejandromurat<\/a> <a href=\"https:\/\/twitter.com\/PacoPiza9?ref_src=twsrc%5Etfw\">@PacoPiza9<\/a> <a href=\"https:\/\/t.co\/ukkwKxjMxk\">pic.twitter.com\/ukkwKxjMxk<\/a><\/p>&mdash; Alfredo Aaron Juarez (@Aaron_Juarez) <a href=\"https:\/\/twitter.com\/Aaron_Juarez\/status\/1478811684277932035?ref_src=twsrc%5Etfw\">5 de enero de 2022<\/a><\/blockquote><\/div>\n<\/div><\/figure>\n\n\n\n<p>La conflagraci\u00f3n se ubica en un paraje entre los municipios de Santiago Juxtlahuaca y Putla Villa de Guerrero.<\/p>\n\n\n\n<p>Ayer los combatientes \u00fanicamente hab\u00edan podido ingresar porla zona de Yosoyuxi pero no del lado de Copala, donde hay dos frentes activos y que hab\u00eda negado el paso de los brigadistas.<\/p>\n\n\n\n<p>Hasta esta ma\u00f1ana, de hallarse las condiciones sociales, ingresar\u00edan a esa zona, con la finalidad de combatir el incendio, que momento a momento crece.<\/p>\n","protected":false},"excerpt":{"rendered":"<p>Redacci\u00f3n\/Zona Roja. Oaxaca de Ju\u00e1rez, Oax., 6 de enero de 2022.- Hasta ayer, m\u00e1s de&hellip;<\/p>\n","protected":false},"author":2,"featured_media":36161,"comment_status":"closed","ping_status":"open","sticky":false,"template":"","format":"standard","meta":{"_lmt_disableupdate":"","_lmt_disable":"","_jetpack_memberships_contains_paid_content":false,"footnotes":""},"categories":[109,47],"tags":[1255],"class_list":["post-36160","post","type-post","status-publish","format-standard","has-post-thumbnail","hentry","category-minuto-a-minuto","category-zona-gris","tag-comision-estatal-forestal-de-oaxaca"],"jetpack_featured_media_url":"https:\/\/zonaroja.com.mx\/wp-content\/uploads\/2022\/01\/Incendio-zona-Juxtlahuaca.jpg","jetpack_sharing_enabled":true,"_links":{"self":[{"href":"https:\/\/zonaroja.com.mx\/index.php?rest_route=\/wp\/v2\/posts\/36160","targetHints":{"allow":["GET"]}}],"collection":[{"href":"https:\/\/zonaroja.com.mx\/index.php?rest_route=\/wp\/v2\/posts"}],"about":[{"href":"https:\/\/zonaroja.com.mx\/index.php?rest_route=\/wp\/v2\/types\/post"}],"author":[{"embeddable":true,"href":"https:\/\/zonaroja.com.mx\/index.php?rest_route=\/wp\/v2\/users\/2"}],"replies":[{"embeddable":true,"href":"https:\/\/zonaroja.com.mx\/index.php?rest_route=%2Fwp%2Fv2%2Fcomments&post=36160"}],"version-history":[{"count":2,"href":"https:\/\/zonaroja.com.mx\/index.php?rest_route=\/wp\/v2\/posts\/36160\/revisions"}],"predecessor-version":[{"id":36163,"href":"https:\/\/zonaroja.com.mx\/index.php?rest_route=\/wp\/v2\/posts\/36160\/revisions\/36163"}],"wp:featuredmedia":[{"embeddable":true,"href":"https:\/\/zonaroja.com.mx\/index.php?rest_route=\/wp\/v2\/media\/36161"}],"wp:attachment":[{"href":"https:\/\/zonaroja.com.mx\/index.php?rest_route=%2Fwp%2Fv2%2Fmedia&parent=36160"}],"wp:term":[{"taxonomy":"category","embeddable":true,"href":"https:\/\/zonaroja.com.mx\/index.php?rest_route=%2Fwp%2Fv2%2Fcategories&post=36160"},{"taxonomy":"post_tag","embeddable":true,"href":"https:\/\/zonaroja.com.mx\/index.php?rest_route=%2Fwp%2Fv2%2Ftags&post=36160"}],"curies":[{"name":"wp","href":"https:\/\/api.w.org\/{rel}","templated":true}]}}