{"id":36168,"date":"2022-01-06T08:14:44","date_gmt":"2022-01-06T14:14:44","guid":{"rendered":"http:\/\/www.zonaroja.com.mx\/?p=36168"},"modified":"2022-01-06T08:14:47","modified_gmt":"2022-01-06T14:14:47","slug":"congreso-de-oaxaca-exige-cancelar-concesiones-de-mina-en-san-jose-del-progreso","status":"publish","type":"post","link":"https:\/\/zonaroja.com.mx\/?p=36168","title":{"rendered":"Congreso de Oaxaca exige cancelar concesiones de mina en San Jos\u00e9 del Progreso"},"content":{"rendered":"\n<p>Redacci\u00f3n\/Zona Roja.<\/p>\n\n\n\n<p>Oaxaca de Ju\u00e1rez, Oax., 5 de enero de 2022.- La 65 Legislatura de Oaxaca exigi\u00f3 respetuosamente a la titular de la Secretar\u00eda de Medio Ambiente y Recursos Naturales (Semarnat), Mar\u00eda Luisa Albores Gonz\u00e1lez, negar la renovaci\u00f3n de los permisos ambientales a la minera San Jos\u00e9, ubicada en San Jos\u00e9 del Progreso, Oaxaca, en vista de los impactos ecol\u00f3gicos que el funcionamiento de dicha mina ha acarreado para el entorno natural de la zona, y los graves riesgos que ha implicado para la salud de sus habitantes.<\/p>\n\n\n\n<p>Mediante una proposici\u00f3n con Punto de Acuerdo aprobada como de urgente y obvia resoluci\u00f3n, con 20 votos en el pleno legislativo, del diputado Horacio Sosa Villavicencio, del Grupo Parlamentario del Partido Morena, tambi\u00e9n se exhorta respetuosamente a la titular de la Secretar\u00eda de Econom\u00eda, Tatiana Clouthier Carrillo, a cancelar las concesiones otorgadas a la compa\u00f1\u00eda minera Cuzcatl\u00e1n, filial de Fortuna Silver Mines.<\/p>\n\n\n\n<p>En su intervenci\u00f3n, el legislador detall\u00f3 que fueron otorgadas sin consulta previa, libre e informada a los pueblos y comunidades ind\u00edgenas de la zona, transgrediendo lo previsto en el Convenio 169 de la Organizaci\u00f3n Internacional del Trabajo (OIT).<\/p>\n\n\n\n<figure class=\"wp-block-embed is-type-rich is-provider-twitter wp-block-embed-twitter\"><div class=\"wp-block-embed__wrapper\">\n<div class=\"twitter-tweet\"><blockquote class=\"twitter-tweet\" data-lang=\"es\"><p lang=\"es\" dir=\"ltr\">Pido llamar en\u00e9rgicamente a los diputados federales Azael Santiago Chepi, \u00c1ngel Dom\u00ednguez Escobar y Yeidckol Polevnsky, a que se abstengan de intervenir en favor de las empresas.<a href=\"https:\/\/twitter.com\/Chepi_Org?ref_src=twsrc%5Etfw\">@Chepi_Org<\/a> <a href=\"https:\/\/twitter.com\/AngelAndariego?ref_src=twsrc%5Etfw\">@AngelAndariego<\/a> <a href=\"https:\/\/twitter.com\/yeidckol?ref_src=twsrc%5Etfw\">@yeidckol<\/a><\/p>&mdash; Horacio Sosa Villavicencio (@HoracioSosaOax) <a href=\"https:\/\/twitter.com\/HoracioSosaOax\/status\/1478913489498525699?ref_src=twsrc%5Etfw\">6 de enero de 2022<\/a><\/blockquote><\/div>\n<\/div><\/figure>\n\n\n\n<p>Puntualiz\u00f3 el diputado que se han realizado al menos 75 obras ilegales durante su operaci\u00f3n en San Jos\u00e9 del Progreso, Oaxaca.<\/p>\n\n\n\n<p>De igual forma solicita en\u00e9rgicamente a los diputados federales Azael Santiago Chepi, \u00c1ngel Dom\u00ednguez Escobar y Yeidckol Polevnsky, a que se abstengan de intervenir en favor de las empresas multinacionales, haciendo con ello negocios personales y traicionando al pueblo y a la pol\u00edtica del Gobierno Federal en relaci\u00f3n con las corporaciones mineras.<\/p>\n\n\n\n<p>Requiere respetuosamente a la titular de la Comisi\u00f3n Nacional de los Derechos Humanos (CNDH), Rosario Piedra Ibarra, para realizar las investigaciones pertinentes por las violaciones a los derechos humanos que durante m\u00e1s de 10 a\u00f1os han sufrido los habitantes de las comunidades afectadas por la instalaci\u00f3n del proyecto minero y municipios vecinos.<\/p>\n","protected":false},"excerpt":{"rendered":"<p>Redacci\u00f3n\/Zona Roja. Oaxaca de Ju\u00e1rez, Oax., 5 de enero de 2022.- La 65 Legislatura de&hellip;<\/p>\n","protected":false},"author":2,"featured_media":36169,"comment_status":"closed","ping_status":"open","sticky":false,"template":"","format":"standard","meta":{"_lmt_disableupdate":"","_lmt_disable":"","_jetpack_memberships_contains_paid_content":false,"footnotes":""},"categories":[109,46],"tags":[444],"class_list":["post-36168","post","type-post","status-publish","format-standard","has-post-thumbnail","hentry","category-minuto-a-minuto","category-zona-blanca","tag-horacio-sosa-villavicencio"],"jetpack_featured_media_url":"https:\/\/zonaroja.com.mx\/wp-content\/uploads\/2022\/01\/Foto-1-Exige-Legislatura-cancelar-concesiones-de-mina-en-San-Jose-del-Progreso.jpeg","jetpack_sharing_enabled":true,"_links":{"self":[{"href":"https:\/\/zonaroja.com.mx\/index.php?rest_route=\/wp\/v2\/posts\/36168","targetHints":{"allow":["GET"]}}],"collection":[{"href":"https:\/\/zonaroja.com.mx\/index.php?rest_route=\/wp\/v2\/posts"}],"about":[{"href":"https:\/\/zonaroja.com.mx\/index.php?rest_route=\/wp\/v2\/types\/post"}],"author":[{"embeddable":true,"href":"https:\/\/zonaroja.com.mx\/index.php?rest_route=\/wp\/v2\/users\/2"}],"replies":[{"embeddable":true,"href":"https:\/\/zonaroja.com.mx\/index.php?rest_route=%2Fwp%2Fv2%2Fcomments&post=36168"}],"version-history":[{"count":1,"href":"https:\/\/zonaroja.com.mx\/index.php?rest_route=\/wp\/v2\/posts\/36168\/revisions"}],"predecessor-version":[{"id":36170,"href":"https:\/\/zonaroja.com.mx\/index.php?rest_route=\/wp\/v2\/posts\/36168\/revisions\/36170"}],"wp:featuredmedia":[{"embeddable":true,"href":"https:\/\/zonaroja.com.mx\/index.php?rest_route=\/wp\/v2\/media\/36169"}],"wp:attachment":[{"href":"https:\/\/zonaroja.com.mx\/index.php?rest_route=%2Fwp%2Fv2%2Fmedia&parent=36168"}],"wp:term":[{"taxonomy":"category","embeddable":true,"href":"https:\/\/zonaroja.com.mx\/index.php?rest_route=%2Fwp%2Fv2%2Fcategories&post=36168"},{"taxonomy":"post_tag","embeddable":true,"href":"https:\/\/zonaroja.com.mx\/index.php?rest_route=%2Fwp%2Fv2%2Ftags&post=36168"}],"curies":[{"name":"wp","href":"https:\/\/api.w.org\/{rel}","templated":true}]}}