{"id":3617,"date":"2019-09-02T16:40:47","date_gmt":"2019-09-02T21:40:47","guid":{"rendered":"http:\/\/www.zonaroja.com.mx\/?p=3617"},"modified":"2019-09-02T16:40:50","modified_gmt":"2019-09-02T21:40:50","slug":"lunes-de-terror-dos-ejecutados-en-tuxtepec-asalto-millonario-en-la-capital","status":"publish","type":"post","link":"https:\/\/zonaroja.com.mx\/?p=3617","title":{"rendered":"Lunes de terror: dos ejecutados en Tuxtepec; asalto millonario en la capital"},"content":{"rendered":"\n<p>Ismael\nGarc\u00eda\/Zona Roja.<\/p>\n\n\n\n<p>Oaxaca de\nJu\u00e1rez, Oax., 2 de septiembre de 2019.- Dos personas ejecutadas en la Cuenca\ndel Papaloapan y dos asaltos en la regi\u00f3n de Valles Centrales, uno de ellos con\nun monto millonario, es el saldo rojo en las primeras horas de este lunes.<\/p>\n\n\n\n<p>Alrededor de las 14:30 horas al menos dos sujetos armados interceptaron a un cuentahabiente cuando se dispon\u00eda a salir de la sucursal BBVA Bancomer, ubicada en la avenida Universidad, en la colindancia de la capital oaxaque\u00f1a con el municipio de Santa Cruz Xoxocotl\u00e1n.<\/p>\n\n\n\n<figure class=\"wp-block-embed-twitter wp-block-embed is-type-rich is-provider-twitter\"><div class=\"wp-block-embed__wrapper\">\n<div class=\"twitter-tweet\"><blockquote class=\"twitter-tweet\" data-lang=\"es\"><p lang=\"es\" dir=\"ltr\"><a href=\"https:\/\/twitter.com\/hashtag\/OaxacaRojo?src=hash&amp;ref_src=twsrc%5Etfw\">#OaxacaRojo<\/a><br>Como Alejandro Rojas fue identificada la persona a la que golpearon y robaron un mill\u00f3n de pesos en la sucursal BBVA Bancomer de  avenida Universidad, en la colindancia de Oaxaca de Ju\u00e1rez con Santa Cruz Xoxocotl\u00e1n. Se burla otra vez delincuencia de operativos. <a href=\"https:\/\/t.co\/leqNeD9lca\">pic.twitter.com\/leqNeD9lca<\/a><\/p>&mdash; Zona Roja Oaxaca (@MexRoja) <a href=\"https:\/\/twitter.com\/MexRoja\/status\/1168619138459324418?ref_src=twsrc%5Etfw\">2 de septiembre de 2019<\/a><\/blockquote><\/div>\n<\/div><\/figure>\n\n\n\n<p>Tras golpearlo\ncon la cacha de una pistola, a\u00fan en el interior del banco, le arrebataron un\nbolso que conten\u00eda un mill\u00f3n de pesos que reci\u00e9n hab\u00eda retirado del banco; de\ninmediato los delincuentes huyeron a bordo de una motocicleta de lujo.<\/p>\n\n\n\n<p>Param\u00e9dicos\ndel Heroico Cuerpo de Bomberos arribaron al lugar para atender a la v\u00edctima y\nllevarla a un hospital; polic\u00edas implementaron operativos en la zona pero no\nhallaron a los probables responsables.<\/p>\n\n\n\n<p>Minutos\nantes, un negocio de renta de computadores de la avenida Ferrocarril, en Santa\nLuc\u00eda del Camino, fue asaltado con violencia; los delincuentes se llevaron dos\ncomputadoras, una c\u00e1mara digital y 14 mil pesos en efectivo; presuntamente fue\ndetenida una persona, lo cual no confirmaron las autoridades municipales.<\/p>\n\n\n\n<p>IMPARABLES\nHOMICIDIOS<\/p>\n\n\n\n<p>Por otra parte, poco despu\u00e9s del mediod\u00eda, en el centro de la ciudad de San Juan Bautista Tuxtepec, fue asesinado a balazos un empresario.<\/p>\n\n\n\n<figure class=\"wp-block-image\"><img decoding=\"async\" width=\"648\" height=\"452\" src=\"http:\/\/www.zonaroja.com.mx\/wp-content\/uploads\/2019\/09\/c4e65341-725e-40cb-be24-89452268d7a2.jpg\" alt=\"\" class=\"wp-image-3619\" srcset=\"https:\/\/zonaroja.com.mx\/wp-content\/uploads\/2019\/09\/c4e65341-725e-40cb-be24-89452268d7a2.jpg 648w, https:\/\/zonaroja.com.mx\/wp-content\/uploads\/2019\/09\/c4e65341-725e-40cb-be24-89452268d7a2-300x209.jpg 300w, https:\/\/zonaroja.com.mx\/wp-content\/uploads\/2019\/09\/c4e65341-725e-40cb-be24-89452268d7a2-585x408.jpg 585w\" sizes=\"(max-width: 648px) 100vw, 648px\" \/><\/figure>\n\n\n\n<p>Se trata de\nIldefonso Garc\u00eda Moreno, due\u00f1o de una cadena de pasteler\u00edas \u201cLa Carlota\u201d, quien\nfue atacado en el interior de un estacionamiento sobre la avenida 5 de Mayo\ncasi esquina con Ocampo. En la zona no hab\u00eda polic\u00edas municipales ni elementos\nde la Guardia Nacional, pese a los anuncios de operativos.<\/p>\n\n\n\n<p>Horas antes,\nen la madrugada de este lunes, fue localizado el cuerpo de una persona, en un\ncamino de la localidad de San Bartolo, agencia de Tuxtepec. Presuntamente fue\ndegollado y hasta esta tarde, la v\u00edctima a\u00fan no era identificada.<\/p>\n\n\n\n<p>En esa\nciudad de la Cuenca del Papaloapan, todos los d\u00edas se han registrado asesinatos\ny en algunas ocasiones hasta de dos personas por d\u00eda, como hoy. Seg\u00fan medios\ninformativos de la regi\u00f3n, tan s\u00f3lo este a\u00f1o han sido ultimadas 70 personas.<\/p>\n","protected":false},"excerpt":{"rendered":"<p>Ismael Garc\u00eda\/Zona Roja. Oaxaca de Ju\u00e1rez, Oax., 2 de septiembre de 2019.- Dos personas ejecutadas&hellip;<\/p>\n","protected":false},"author":2,"featured_media":3618,"comment_status":"closed","ping_status":"open","sticky":false,"template":"","format":"standard","meta":{"_lmt_disableupdate":"","_lmt_disable":"","_jetpack_memberships_contains_paid_content":false,"footnotes":""},"categories":[109,51],"tags":[657],"class_list":["post-3617","post","type-post","status-publish","format-standard","has-post-thumbnail","hentry","category-minuto-a-minuto","category-zona-roja","tag-asalto-bancomer-oaxaca"],"jetpack_featured_media_url":"https:\/\/zonaroja.com.mx\/wp-content\/uploads\/2019\/09\/f428feb7-a3a1-46b3-9e4c-f695ccebc5ac.jpg","jetpack_sharing_enabled":true,"_links":{"self":[{"href":"https:\/\/zonaroja.com.mx\/index.php?rest_route=\/wp\/v2\/posts\/3617","targetHints":{"allow":["GET"]}}],"collection":[{"href":"https:\/\/zonaroja.com.mx\/index.php?rest_route=\/wp\/v2\/posts"}],"about":[{"href":"https:\/\/zonaroja.com.mx\/index.php?rest_route=\/wp\/v2\/types\/post"}],"author":[{"embeddable":true,"href":"https:\/\/zonaroja.com.mx\/index.php?rest_route=\/wp\/v2\/users\/2"}],"replies":[{"embeddable":true,"href":"https:\/\/zonaroja.com.mx\/index.php?rest_route=%2Fwp%2Fv2%2Fcomments&post=3617"}],"version-history":[{"count":1,"href":"https:\/\/zonaroja.com.mx\/index.php?rest_route=\/wp\/v2\/posts\/3617\/revisions"}],"predecessor-version":[{"id":3620,"href":"https:\/\/zonaroja.com.mx\/index.php?rest_route=\/wp\/v2\/posts\/3617\/revisions\/3620"}],"wp:featuredmedia":[{"embeddable":true,"href":"https:\/\/zonaroja.com.mx\/index.php?rest_route=\/wp\/v2\/media\/3618"}],"wp:attachment":[{"href":"https:\/\/zonaroja.com.mx\/index.php?rest_route=%2Fwp%2Fv2%2Fmedia&parent=3617"}],"wp:term":[{"taxonomy":"category","embeddable":true,"href":"https:\/\/zonaroja.com.mx\/index.php?rest_route=%2Fwp%2Fv2%2Fcategories&post=3617"},{"taxonomy":"post_tag","embeddable":true,"href":"https:\/\/zonaroja.com.mx\/index.php?rest_route=%2Fwp%2Fv2%2Ftags&post=3617"}],"curies":[{"name":"wp","href":"https:\/\/api.w.org\/{rel}","templated":true}]}}