{"id":36175,"date":"2022-01-06T15:09:15","date_gmt":"2022-01-06T21:09:15","guid":{"rendered":"https:\/\/www.zonaroja.com.mx\/?p=36175"},"modified":"2022-01-06T15:09:20","modified_gmt":"2022-01-06T21:09:20","slug":"asegura-gobernador-que-mantiene-su-respeto-a-la-autonomia-de-la-uabjo","status":"publish","type":"post","link":"https:\/\/zonaroja.com.mx\/?p=36175","title":{"rendered":"Asegura gobernador que mantiene su respeto a la autonom\u00eda de la UABJO"},"content":{"rendered":"\n<p>Yuridiana Sosa\/ Zona Roja<\/p>\n\n\n\n<p>Oaxaca de Ju\u00e1rez, Oax., 6 de enero de 2022.- El gobernador Alejandro Murat Hinojosa, se\u00f1al\u00f3 que su gobierno se mantiene al margen de la situaci\u00f3n jur\u00eddica del ex rector de la Universidad Aut\u00f3noma Benito Ju\u00e1rez de Oaxaca (UABJO), Eduardo Mart\u00ednez Helmes, sobre quien s\u00f3lo la Fiscal\u00eda y los Tribunales pueden decidir.<\/p>\n\n\n\n<p>\u201cMi gobierno ha respetado la autonom\u00eda universitaria, en todo momento, como lo ha hecho con las elecciones de Oaxaca\u201d, asever\u00f3 el mandatario ante se\u00f1alamientos que lo involucran en la decisi\u00f3n para aprehenderlo por intereses pol\u00edticos en la renovaci\u00f3n de la rector\u00eda de la casa de estudios.<\/p>\n\n\n\n<p>Murat Hinojosa indic\u00f3 que tanto es respetuoso de la autonom\u00eda de la UABJO como de las acciones de la Fiscal\u00eda Especializada en Materia de Combate a la Corrupci\u00f3n, quien fue la que determin\u00f3 sobre la detenci\u00f3n del ex rector y los delitos imputados.<\/p>\n\n\n\n<p>Por lo que expres\u00f3 que la situaci\u00f3n jur\u00eddica de Mart\u00ednez Helmes est\u00e1 en manos de las autoridades competentes, mientras que su gobierno seguir\u00e1 trabajando en favor de la comunidad estudiantil universitaria.<\/p>\n\n\n\n<p>Este jueves, por tercer d\u00eda consecutivo, miembros de la M\u00e1xima Casa de Estudios realizaron bloqueos en la capital del estado para exigir la libertad de su ex rector, quien aseguran, no amerita la prisi\u00f3n preventiva.<\/p>\n\n\n\n<p>Ello mientras se realiza la audiencia en que se le podr\u00eda vincular a proceso a Mart\u00ednez Helmes o dejarlo en libertad.&nbsp;<\/p>\n\n\n\n<p>Hasta el momento contin\u00faan bloqueado el Perif\u00e9rico y diversas intersecciones, desde la calle 20 de Noviembre hasta el crucero vial de Cinco Se\u00f1ores. <\/p>\n","protected":false},"excerpt":{"rendered":"<p>Yuridiana Sosa\/ Zona Roja Oaxaca de Ju\u00e1rez, Oax., 6 de enero de 2022.- El gobernador&hellip;<\/p>\n","protected":false},"author":2,"featured_media":36174,"comment_status":"closed","ping_status":"open","sticky":false,"template":"","format":"standard","meta":{"_lmt_disableupdate":"","_lmt_disable":"","_jetpack_memberships_contains_paid_content":false,"footnotes":""},"categories":[109,46],"tags":[],"class_list":["post-36175","post","type-post","status-publish","format-standard","has-post-thumbnail","hentry","category-minuto-a-minuto","category-zona-blanca"],"jetpack_featured_media_url":"https:\/\/zonaroja.com.mx\/wp-content\/uploads\/2022\/01\/img_3996.jpg","jetpack_sharing_enabled":true,"_links":{"self":[{"href":"https:\/\/zonaroja.com.mx\/index.php?rest_route=\/wp\/v2\/posts\/36175","targetHints":{"allow":["GET"]}}],"collection":[{"href":"https:\/\/zonaroja.com.mx\/index.php?rest_route=\/wp\/v2\/posts"}],"about":[{"href":"https:\/\/zonaroja.com.mx\/index.php?rest_route=\/wp\/v2\/types\/post"}],"author":[{"embeddable":true,"href":"https:\/\/zonaroja.com.mx\/index.php?rest_route=\/wp\/v2\/users\/2"}],"replies":[{"embeddable":true,"href":"https:\/\/zonaroja.com.mx\/index.php?rest_route=%2Fwp%2Fv2%2Fcomments&post=36175"}],"version-history":[{"count":1,"href":"https:\/\/zonaroja.com.mx\/index.php?rest_route=\/wp\/v2\/posts\/36175\/revisions"}],"predecessor-version":[{"id":36176,"href":"https:\/\/zonaroja.com.mx\/index.php?rest_route=\/wp\/v2\/posts\/36175\/revisions\/36176"}],"wp:featuredmedia":[{"embeddable":true,"href":"https:\/\/zonaroja.com.mx\/index.php?rest_route=\/wp\/v2\/media\/36174"}],"wp:attachment":[{"href":"https:\/\/zonaroja.com.mx\/index.php?rest_route=%2Fwp%2Fv2%2Fmedia&parent=36175"}],"wp:term":[{"taxonomy":"category","embeddable":true,"href":"https:\/\/zonaroja.com.mx\/index.php?rest_route=%2Fwp%2Fv2%2Fcategories&post=36175"},{"taxonomy":"post_tag","embeddable":true,"href":"https:\/\/zonaroja.com.mx\/index.php?rest_route=%2Fwp%2Fv2%2Ftags&post=36175"}],"curies":[{"name":"wp","href":"https:\/\/api.w.org\/{rel}","templated":true}]}}