{"id":36177,"date":"2022-01-06T18:03:46","date_gmt":"2022-01-07T00:03:46","guid":{"rendered":"http:\/\/www.zonaroja.com.mx\/?p=36177"},"modified":"2022-01-06T18:03:50","modified_gmt":"2022-01-07T00:03:50","slug":"sala-xalapa-da-razon-a-jucopo-de-oaxaca-para-no-integrar-fraccion-del-pvem","status":"publish","type":"post","link":"https:\/\/zonaroja.com.mx\/?p=36177","title":{"rendered":"Sala Xalapa da raz\u00f3n a Jucopo de Oaxaca para no integrar fracci\u00f3n del PVEM"},"content":{"rendered":"\n<p>Yuridiana Sosa\/Zona Roja.<\/p>\n\n\n\n<p>Oaxaca de Ju\u00e1rez, Oax., 6 de enero de 2022.- El Tribunal Electoral del Poder Judicial de la Federaci\u00f3n (TEPJF) revoc\u00f3 la sentencia del Tribunal Electoral del Estado de Oaxaca (TEEO) para la integraci\u00f3n de la fracci\u00f3n parlamentaria del Partido Verde Ecologista de M\u00e9xico en la 65 Legislatura, con s\u00f3lo dos diputados.<\/p>\n\n\n\n<p>La Sala Xalapa determin\u00f3, este jueves, en sesi\u00f3n virtual que el \u201cTEEO debi\u00f3 declararse incompetente para resolver el medio de impugnaci\u00f3n local, ya que los actos y omisiones que controvirti\u00f3 la parte actora ante dicha instancia local, no pueden ser analizados a trav\u00e9s del juicio para la protecci\u00f3n de los derechos pol\u00edtico-electorales del ciudadano, pues los mismos se originan e inciden directamente en el \u00e1mbito del derecho parlamentario\u201d.<\/p>\n\n\n\n<p>Lo anterior luego que el pasado 21 de diciembre, el \u00f3rgano electoral de Oaxaca orden\u00f3 a la presidenta y a los integrantes de la Junta de Coordinaci\u00f3n Pol\u00edtica de la LXV Legislatura del Congreso de Oaxaca pronunciarse respecto del registro de la fracci\u00f3n Parlamentariapdel PVEM y no aplicar el art\u00edculo 80 de la Ley Org\u00e1nica Del Poder Legislativo, el cual exige un m\u00ednimo de 3 legisladores para constituirse en fracci\u00f3n parlamentaria.<\/p>\n\n\n\n<p>Adem\u00e1s, argument\u00f3 que de aplicarse el art\u00edculo, representa una regresi\u00f3n al derecho de participaci\u00f3n pol\u00edtica de los diputados electos, pues restringe su participaci\u00f3n al aumentar el n\u00famero de integrantes para conformar un grupo.<\/p>\n\n\n\n<p>La intervenci\u00f3n del TEEO fue tras la impugnaci\u00f3n que presentaron los diputados Eva Diego Cruz, del Partido Verde, y Samuel Gurri\u00f3n Mat\u00edas, del PRI al no ser incluido su partido para la integraci\u00f3n de la Junta de Coordinaci\u00f3n Pol\u00edtica.<\/p>\n\n\n\n<p>Por su parte, la presidenta de la Mesa Directiva, Mariana Ben\u00edtez Tiburcio, dio a conocer en ese entonces, que no recibi\u00f3 la notificaci\u00f3n correspondiente en la que se solicita el registro de la bancada del Verde para este proceso, situaci\u00f3n que los afectados negaron.<\/p>\n","protected":false},"excerpt":{"rendered":"<p>Yuridiana Sosa\/Zona Roja. Oaxaca de Ju\u00e1rez, Oax., 6 de enero de 2022.- El Tribunal Electoral&hellip;<\/p>\n","protected":false},"author":2,"featured_media":36178,"comment_status":"closed","ping_status":"open","sticky":false,"template":"","format":"standard","meta":{"_lmt_disableupdate":"","_lmt_disable":"","_jetpack_memberships_contains_paid_content":false,"footnotes":""},"categories":[109,47],"tags":[2743],"class_list":["post-36177","post","type-post","status-publish","format-standard","has-post-thumbnail","hentry","category-minuto-a-minuto","category-zona-gris","tag-65-legislatura-del-estado-de-oaxaca"],"jetpack_featured_media_url":"https:\/\/zonaroja.com.mx\/wp-content\/uploads\/2022\/01\/Eva-d.jpg","jetpack_sharing_enabled":true,"_links":{"self":[{"href":"https:\/\/zonaroja.com.mx\/index.php?rest_route=\/wp\/v2\/posts\/36177","targetHints":{"allow":["GET"]}}],"collection":[{"href":"https:\/\/zonaroja.com.mx\/index.php?rest_route=\/wp\/v2\/posts"}],"about":[{"href":"https:\/\/zonaroja.com.mx\/index.php?rest_route=\/wp\/v2\/types\/post"}],"author":[{"embeddable":true,"href":"https:\/\/zonaroja.com.mx\/index.php?rest_route=\/wp\/v2\/users\/2"}],"replies":[{"embeddable":true,"href":"https:\/\/zonaroja.com.mx\/index.php?rest_route=%2Fwp%2Fv2%2Fcomments&post=36177"}],"version-history":[{"count":1,"href":"https:\/\/zonaroja.com.mx\/index.php?rest_route=\/wp\/v2\/posts\/36177\/revisions"}],"predecessor-version":[{"id":36179,"href":"https:\/\/zonaroja.com.mx\/index.php?rest_route=\/wp\/v2\/posts\/36177\/revisions\/36179"}],"wp:featuredmedia":[{"embeddable":true,"href":"https:\/\/zonaroja.com.mx\/index.php?rest_route=\/wp\/v2\/media\/36178"}],"wp:attachment":[{"href":"https:\/\/zonaroja.com.mx\/index.php?rest_route=%2Fwp%2Fv2%2Fmedia&parent=36177"}],"wp:term":[{"taxonomy":"category","embeddable":true,"href":"https:\/\/zonaroja.com.mx\/index.php?rest_route=%2Fwp%2Fv2%2Fcategories&post=36177"},{"taxonomy":"post_tag","embeddable":true,"href":"https:\/\/zonaroja.com.mx\/index.php?rest_route=%2Fwp%2Fv2%2Ftags&post=36177"}],"curies":[{"name":"wp","href":"https:\/\/api.w.org\/{rel}","templated":true}]}}