{"id":36180,"date":"2022-01-06T18:54:08","date_gmt":"2022-01-07T00:54:08","guid":{"rendered":"http:\/\/www.zonaroja.com.mx\/?p=36180"},"modified":"2022-01-06T18:54:12","modified_gmt":"2022-01-07T00:54:12","slug":"comite-de-la-onu-emite-accion-urgente-por-5-desaparecidos-en-atatlahuca-oaxaca","status":"publish","type":"post","link":"https:\/\/zonaroja.com.mx\/?p=36180","title":{"rendered":"Comit\u00e9 de la ONU emite Acci\u00f3n Urgente por 5 desaparecidos en Atatlahuca, Oaxaca"},"content":{"rendered":"\n<p>Redacci\u00f3n\/Zona Roja.<\/p>\n\n\n\n<p>Oaxaca de Ju\u00e1rez, Oax., 6 de enero de 2022.- El Comit\u00e9 contra la Desaparici\u00f3n Forzada notific\u00f3 al Estado mexicano cinco Acciones Urgentes, por la desaparici\u00f3n de igual n\u00famero de personas en San Esteban Atatlahuaca, Oaxaca.<\/p>\n\n\n\n<p>Se trata de Miguel Bautista Avenda\u00f1o, bajo el expediente AU-1456\/2021; de Donato Bautista, con el n\u00famero AU-1457\/2021; Marco Quiroz Ria\u00f1o, AU-1458\/2021; Mayolo Quiroz Barrios, AU-1459\/2021, e Irma Galindo Barrios, 1460\/2021.<\/p>\n\n\n\n<p>El organismo internacional de la Organizaci\u00f3n de las Naciones Unidas (ONU) solicit\u00f3 al Estado mexicano la b\u00fasqueda inmediata de dichas personas, as\u00ed como inicie la investigaci\u00f3n de su alegada desaparici\u00f3n forzada, inform\u00f3 Maurilio Santiago Reyes, presidente del Centro de Derechos Humanos y Asesor\u00eda a Pueblos Ind\u00edgenas.<\/p>\n\n\n\n<p>Adem\u00e1s, establecer de inmediato una estrategia integral que incluya un plan de acci\u00f3n y un cronograma para la b\u00fasqueda exhaustiva de las personas desaparecidas y para la investigaci\u00f3n exhaustiva e imparcial de su alegada desaparici\u00f3n, tomando en cuenta el contexto en el cual ocurrieron las desapariciones.<\/p>\n\n\n\n<p>Asegurar que dicha estrategia est\u00e9 evaluada peri\u00f3dicamente y cumpla con los requisitos de la debida diligencia para todas las etapas del proceso de b\u00fasqueda (incluyendo oficiosidad, inmediatez y exhaustividad de la investigaci\u00f3n), as\u00ed como tambi\u00e9n asegurando la competencia e independencia de las profesiones intervinientes a la luz del principio 6,7 y 8 de los principios rectores para la b\u00fasqueda de personas desaparecidas.<\/p>\n\n\n\n<p>En lo relacionado con la investigaci\u00f3n de la desaparici\u00f3n de Irma Galindo Barrios, asegurar que la estrategia tenga un enfoque diferencial y que todas las etapas de la b\u00fasqueda se realicen con perspectiva de g\u00e9nero y con el personal adecuadamente capacitado, que incluya personal femenino, de conformidad con el principio cuatro de los principios rectores para la b\u00fasqueda de personas desaparecidas.<\/p>\n\n\n\n<p>Identificaci\u00f3n de los perpetradores de la alegada desaparici\u00f3n forzada de los se\u00f1ores, Miguel Bautista Avenda\u00f1o, Donato Bautista Avenda\u00f1o, Marco Quiroz Ria\u00f1o, Mayolo Quiroz Barrios y de la se\u00f1ora Irma Galindo Barrios.<\/p>\n\n\n\n<p>De la misma manera, adopci\u00f3n de medidas de protecci\u00f3n y asistencia de los familiares de las personas desaparecidas.<\/p>\n\n\n\n<p>Cabe referir que recientemente la Suprema Corte de Justicia de la Naci\u00f3n determin\u00f3 en el amparo en revisi\u00f3n 1077\/2019 de la Primera Sala que el cumplimiento de las medidas y acciones urgentes emitidas por el Comit\u00e9 Contra la Desaparici\u00f3n Forzada de la Organizaci\u00f3n de las Naciones Unidas ONU, es obligatorio para las autoridades del Estado mexicano en sus distintas competencias. Adem\u00e1s, dicho cumplimiento debe ser supervisado judicial y constitucionalmente.<\/p>\n","protected":false},"excerpt":{"rendered":"<p>Redacci\u00f3n\/Zona Roja. Oaxaca de Ju\u00e1rez, Oax., 6 de enero de 2022.- El Comit\u00e9 contra la&hellip;<\/p>\n","protected":false},"author":2,"featured_media":36181,"comment_status":"closed","ping_status":"open","sticky":false,"template":"","format":"standard","meta":{"_lmt_disableupdate":"","_lmt_disable":"","_jetpack_memberships_contains_paid_content":false,"footnotes":""},"categories":[109,47],"tags":[1025],"class_list":["post-36180","post","type-post","status-publish","format-standard","has-post-thumbnail","hentry","category-minuto-a-minuto","category-zona-gris","tag-san-esteban-atatlahuca"],"jetpack_featured_media_url":"https:\/\/zonaroja.com.mx\/wp-content\/uploads\/2022\/01\/Comite-contra-la-Desaparicion-Forzada.jpg","jetpack_sharing_enabled":true,"_links":{"self":[{"href":"https:\/\/zonaroja.com.mx\/index.php?rest_route=\/wp\/v2\/posts\/36180","targetHints":{"allow":["GET"]}}],"collection":[{"href":"https:\/\/zonaroja.com.mx\/index.php?rest_route=\/wp\/v2\/posts"}],"about":[{"href":"https:\/\/zonaroja.com.mx\/index.php?rest_route=\/wp\/v2\/types\/post"}],"author":[{"embeddable":true,"href":"https:\/\/zonaroja.com.mx\/index.php?rest_route=\/wp\/v2\/users\/2"}],"replies":[{"embeddable":true,"href":"https:\/\/zonaroja.com.mx\/index.php?rest_route=%2Fwp%2Fv2%2Fcomments&post=36180"}],"version-history":[{"count":1,"href":"https:\/\/zonaroja.com.mx\/index.php?rest_route=\/wp\/v2\/posts\/36180\/revisions"}],"predecessor-version":[{"id":36182,"href":"https:\/\/zonaroja.com.mx\/index.php?rest_route=\/wp\/v2\/posts\/36180\/revisions\/36182"}],"wp:featuredmedia":[{"embeddable":true,"href":"https:\/\/zonaroja.com.mx\/index.php?rest_route=\/wp\/v2\/media\/36181"}],"wp:attachment":[{"href":"https:\/\/zonaroja.com.mx\/index.php?rest_route=%2Fwp%2Fv2%2Fmedia&parent=36180"}],"wp:term":[{"taxonomy":"category","embeddable":true,"href":"https:\/\/zonaroja.com.mx\/index.php?rest_route=%2Fwp%2Fv2%2Fcategories&post=36180"},{"taxonomy":"post_tag","embeddable":true,"href":"https:\/\/zonaroja.com.mx\/index.php?rest_route=%2Fwp%2Fv2%2Ftags&post=36180"}],"curies":[{"name":"wp","href":"https:\/\/api.w.org\/{rel}","templated":true}]}}