{"id":36186,"date":"2022-01-06T21:04:46","date_gmt":"2022-01-07T03:04:46","guid":{"rendered":"http:\/\/www.zonaroja.com.mx\/?p=36186"},"modified":"2022-01-06T21:04:49","modified_gmt":"2022-01-07T03:04:49","slug":"liberan-a-seis-evangelicos-en-chimaltepec-pero-los-expulsan-del-pueblo","status":"publish","type":"post","link":"https:\/\/zonaroja.com.mx\/?p=36186","title":{"rendered":"Liberan a seis evang\u00e9licos en Chimaltepec\u2026 pero los expulsan del pueblo"},"content":{"rendered":"\n<p>Redacci\u00f3n\/Zona Roja.<\/p>\n\n\n\n<p>Oaxaca de Ju\u00e1rez, Oax., 6 de enero de 2022.- Los cristianos evang\u00e9licos retenidos en San Pedro Chimaltepec, municipio de San Juan Mazatl\u00e1n Mixe, fueron puestos en libertad hoy\u2026 pero expulsados de dicha comunidad.<\/p>\n\n\n\n<p>Se trata de cinco personas que hab\u00edan sido privadas de su libertad el pasado lunes, por profesar una fe distinta a la cat\u00f3lica, y cuya autoridad auxiliar adem\u00e1s pretend\u00eda obligarlas a cumplir con una mayordom\u00eda religiosa.<\/p>\n\n\n\n<p>Esta tarde-noche, fueron liberados previo pago de una multa por cinco mil pesos, adem\u00e1s de ser expulsados; con este reciente caso, suman seis personas retiradas del pueblo, la anterior, en noviembre del a\u00f1o pasado.<\/p>\n\n\n\n<p>La Confraternidad de Pastores del Estado de Oaxaca (Copaceo) conden\u00f3 este hecho que atenta contra la libertad de culto y de creencia, as\u00ed como la persecuci\u00f3n a la que han sido sometidos quienes profesan la fe evang\u00e9lica.<\/p>\n\n\n\n<p>\u201cConsideramos muy urgente la intervenci\u00f3n de las autoridades para resolver este caso y evitar que los creyentes sean expulsados, como ocurri\u00f3 Br\u00edgido Dom\u00ednguez\u201d, expuso.<\/p>\n\n\n\n<p>A\u00f1adi\u00f3 que es necesario combatir la intolerancia religiosa en Oaxaca y exigi\u00f3 que los derechos de ni\u00f1os, mujeres y hombres que integran la iglesia Centro Cristiano \u201cEmanuel\u201d de San Pedro Chimaltepec, sean respetados.<\/p>\n\n\n\n<p>\u201cLa libertad de culto y conciencia nos asisten. En M\u00e9xico y en Oaxaca todos tenemos el derecho de proceder conforme a nuestras creencias, sin afectar a los dem\u00e1s. Alto a la persecuci\u00f3n religiosa\u201d, dijo la Confraternidad de Pastores.<\/p>\n","protected":false},"excerpt":{"rendered":"<p>Redacci\u00f3n\/Zona Roja. Oaxaca de Ju\u00e1rez, Oax., 6 de enero de 2022.- Los cristianos evang\u00e9licos retenidos&hellip;<\/p>\n","protected":false},"author":2,"featured_media":36187,"comment_status":"closed","ping_status":"open","sticky":false,"template":"","format":"standard","meta":{"_lmt_disableupdate":"","_lmt_disable":"","_jetpack_memberships_contains_paid_content":false,"footnotes":""},"categories":[109,47],"tags":[2995],"class_list":["post-36186","post","type-post","status-publish","format-standard","has-post-thumbnail","hentry","category-minuto-a-minuto","category-zona-gris","tag-san-pedro-chimaltepec"],"jetpack_featured_media_url":"https:\/\/zonaroja.com.mx\/wp-content\/uploads\/2022\/01\/San-Pedro-Chimaltepec.jpg","jetpack_sharing_enabled":true,"_links":{"self":[{"href":"https:\/\/zonaroja.com.mx\/index.php?rest_route=\/wp\/v2\/posts\/36186","targetHints":{"allow":["GET"]}}],"collection":[{"href":"https:\/\/zonaroja.com.mx\/index.php?rest_route=\/wp\/v2\/posts"}],"about":[{"href":"https:\/\/zonaroja.com.mx\/index.php?rest_route=\/wp\/v2\/types\/post"}],"author":[{"embeddable":true,"href":"https:\/\/zonaroja.com.mx\/index.php?rest_route=\/wp\/v2\/users\/2"}],"replies":[{"embeddable":true,"href":"https:\/\/zonaroja.com.mx\/index.php?rest_route=%2Fwp%2Fv2%2Fcomments&post=36186"}],"version-history":[{"count":1,"href":"https:\/\/zonaroja.com.mx\/index.php?rest_route=\/wp\/v2\/posts\/36186\/revisions"}],"predecessor-version":[{"id":36188,"href":"https:\/\/zonaroja.com.mx\/index.php?rest_route=\/wp\/v2\/posts\/36186\/revisions\/36188"}],"wp:featuredmedia":[{"embeddable":true,"href":"https:\/\/zonaroja.com.mx\/index.php?rest_route=\/wp\/v2\/media\/36187"}],"wp:attachment":[{"href":"https:\/\/zonaroja.com.mx\/index.php?rest_route=%2Fwp%2Fv2%2Fmedia&parent=36186"}],"wp:term":[{"taxonomy":"category","embeddable":true,"href":"https:\/\/zonaroja.com.mx\/index.php?rest_route=%2Fwp%2Fv2%2Fcategories&post=36186"},{"taxonomy":"post_tag","embeddable":true,"href":"https:\/\/zonaroja.com.mx\/index.php?rest_route=%2Fwp%2Fv2%2Ftags&post=36186"}],"curies":[{"name":"wp","href":"https:\/\/api.w.org\/{rel}","templated":true}]}}