{"id":36189,"date":"2022-01-06T22:13:40","date_gmt":"2022-01-07T04:13:40","guid":{"rendered":"http:\/\/www.zonaroja.com.mx\/?p=36189"},"modified":"2022-01-06T22:13:43","modified_gmt":"2022-01-07T04:13:43","slug":"hacen-felices-reyes-magos-a-ninez-de-santa-lucia-del-camino","status":"publish","type":"post","link":"https:\/\/zonaroja.com.mx\/?p=36189","title":{"rendered":"Hacen felices Reyes Magos a ni\u00f1ez de Santa Luc\u00eda del Camino"},"content":{"rendered":"\n<p>Redacci\u00f3n\/Zona Roja.<\/p>\n\n\n\n<p>Oaxaca de Ju\u00e1rez, Oax., a 6 de enero de 2022.- El presidente punicipal de Santa Luc\u00eda del Camino, Juan Carlos Garc\u00eda M\u00e1rquez, y su esposa la presidenta honoraria del DIF Municipal, Bety Santos, encabezaron esta tarde el tradicional festejo y la partida de rosca de D\u00eda de Reyes.&nbsp;<\/p>\n\n\n\n<p>Con un ambiente de paz y sana convivencia, la ciudadan\u00eda, en especial los ni\u00f1os y ni\u00f1as de Santa Luc\u00eda, as\u00ed como los integrantes del ayuntamiento y del DIF compartieron momentos de felicidad, la entrega de juguetes y la rosca de reyes, para conmemorar este d\u00eda tan especial.&nbsp;&nbsp;<\/p>\n\n\n\n<p>El mun\u00edcipe agradeci\u00f3 a todas las personas que hicieron posible este evento, as\u00ed como a su esposa, y sobre todo a los y las ciudadanas que acudieron a convivir; as\u00ed tambi\u00e9n destac\u00f3 que todos portaron sus cubrebocas, mantuvieron la sana distancia y las medidas sanitarias pertinentes.&nbsp;<\/p>\n\n\n\n<p>Por su parte, la presidenta honoraria del DIF Municipal, Bety Santos, dio las gracias a todos y todas quienes hicieron posible este evento de donaci\u00f3n de juguetes, que lograron generar tantas caritas felices de las ni\u00f1as y ni\u00f1os.<\/p>\n\n\n\n<p>\u201cTrabajamos en equipo le pusimos el alma y coraz\u00f3n, para poder regalar una sonrisa, trajimos a los Reyes Magos, gracias por estar aqu\u00ed es con mucho cari\u00f1o\u201d, se\u00f1al\u00f3 la presidenta honoraria.&nbsp;<\/p>\n\n\n\n<p>Cabe se\u00f1alar que la megarrosca de reyes fue elaborada por una vecina de la municipalidad, que se dedica a la elaboraci\u00f3n de pan artesanal.<\/p>\n","protected":false},"excerpt":{"rendered":"<p>Redacci\u00f3n\/Zona Roja. Oaxaca de Ju\u00e1rez, Oax., a 6 de enero de 2022.- El presidente punicipal&hellip;<\/p>\n","protected":false},"author":2,"featured_media":36190,"comment_status":"closed","ping_status":"open","sticky":false,"template":"","format":"standard","meta":{"_lmt_disableupdate":"","_lmt_disable":"","_jetpack_memberships_contains_paid_content":false,"footnotes":""},"categories":[109,46],"tags":[2533],"class_list":["post-36189","post","type-post","status-publish","format-standard","has-post-thumbnail","hentry","category-minuto-a-minuto","category-zona-blanca","tag-juan-carlos-garcia-marquez"],"jetpack_featured_media_url":"https:\/\/zonaroja.com.mx\/wp-content\/uploads\/2022\/01\/Edil-Santa-Lucia-Reyes-Magos.jpg","jetpack_sharing_enabled":true,"_links":{"self":[{"href":"https:\/\/zonaroja.com.mx\/index.php?rest_route=\/wp\/v2\/posts\/36189","targetHints":{"allow":["GET"]}}],"collection":[{"href":"https:\/\/zonaroja.com.mx\/index.php?rest_route=\/wp\/v2\/posts"}],"about":[{"href":"https:\/\/zonaroja.com.mx\/index.php?rest_route=\/wp\/v2\/types\/post"}],"author":[{"embeddable":true,"href":"https:\/\/zonaroja.com.mx\/index.php?rest_route=\/wp\/v2\/users\/2"}],"replies":[{"embeddable":true,"href":"https:\/\/zonaroja.com.mx\/index.php?rest_route=%2Fwp%2Fv2%2Fcomments&post=36189"}],"version-history":[{"count":1,"href":"https:\/\/zonaroja.com.mx\/index.php?rest_route=\/wp\/v2\/posts\/36189\/revisions"}],"predecessor-version":[{"id":36191,"href":"https:\/\/zonaroja.com.mx\/index.php?rest_route=\/wp\/v2\/posts\/36189\/revisions\/36191"}],"wp:featuredmedia":[{"embeddable":true,"href":"https:\/\/zonaroja.com.mx\/index.php?rest_route=\/wp\/v2\/media\/36190"}],"wp:attachment":[{"href":"https:\/\/zonaroja.com.mx\/index.php?rest_route=%2Fwp%2Fv2%2Fmedia&parent=36189"}],"wp:term":[{"taxonomy":"category","embeddable":true,"href":"https:\/\/zonaroja.com.mx\/index.php?rest_route=%2Fwp%2Fv2%2Fcategories&post=36189"},{"taxonomy":"post_tag","embeddable":true,"href":"https:\/\/zonaroja.com.mx\/index.php?rest_route=%2Fwp%2Fv2%2Ftags&post=36189"}],"curies":[{"name":"wp","href":"https:\/\/api.w.org\/{rel}","templated":true}]}}