{"id":36197,"date":"2022-01-07T07:38:21","date_gmt":"2022-01-07T13:38:21","guid":{"rendered":"http:\/\/www.zonaroja.com.mx\/?p=36197"},"modified":"2022-01-07T07:38:23","modified_gmt":"2022-01-07T13:38:23","slug":"hay-al-menos-50-casos-sospechosos-de-la-variante-omicron-en-oaxaca","status":"publish","type":"post","link":"https:\/\/zonaroja.com.mx\/?p=36197","title":{"rendered":"Hay al menos 50 casos sospechosos de la variante \u201c\u00d3micron\u201d en Oaxaca"},"content":{"rendered":"\n<p>Redacci\u00f3n\/Zona Roja.<\/p>\n\n\n\n<p>Oaxaca de Ju\u00e1rez, Oax. 7 de enero de 2022.- Los Servicios de Salud de Oaxaca (SSO) confirmaron 11 casos de la variante \u201c\u00d3micron\u201d del Covid-19 en Oaxaca.<\/p>\n\n\n\n<p>Sin embargo, de acuerdo con fuentes de la instituci\u00f3n, se analizan al menos 50 casos sospechosos, mismos que podr\u00edan ser confirmado por laboratorio este fin de semana.<\/p>\n\n\n\n<p>En un comunicado, la dependencia SSO inform\u00f3 que los 11 casos hasta ayer, fueron notificados por parte de la Direcci\u00f3n General de Epidemiolog\u00eda (DGE) de la Secretar\u00eda de Salud federal y el Instituto de Diagn\u00f3stico y Referencia Epidemiol\u00f3gicos (InDRE).<\/p>\n\n\n\n<p>El primero se confirm\u00f3 a finales del 2021 y los 10 restantes este 6 de enero del a\u00f1o en curso.<\/p>\n\n\n\n<p>Seg\u00fan la instituci\u00f3n, la variante \u201c\u00d3micron\u201d (B.1.1.529) es capaz de infectar de uno hasta 20 personas, mientras que una persona enferma con el tipo Delta puede llegar a contagiar hasta nueve, a diferencia de alguien enfermo con la cepa original de Covid-19, que puede infectar hasta cuatro m\u00e1s.<\/p>\n\n\n\n<p>En tanto, este jueves report\u00f3 177 casos nuevos y cero defunciones, que suman 84 mil 705 casos acumulados y cinco mil 662 decesos, hay 626 casos activos en 80 municipios, y 78 mil 417 personas se han recuperado de la enfermedad.<\/p>\n\n\n\n<figure class=\"wp-block-embed is-type-rich is-provider-twitter wp-block-embed-twitter\"><div class=\"wp-block-embed__wrapper\">\n<div class=\"twitter-tweet\"><blockquote class=\"twitter-tweet\" data-lang=\"es\"><p lang=\"es\" dir=\"ltr\"><a href=\"https:\/\/twitter.com\/hashtag\/%C3%9AltimoMinuto?src=hash&amp;ref_src=twsrc%5Etfw\">#\u00daltimoMinuto<\/a><br>Tambi\u00e9n en <a href=\"https:\/\/twitter.com\/hashtag\/Oaxaca?src=hash&amp;ref_src=twsrc%5Etfw\">#Oaxaca<\/a> en Covid sigue en ascenso.<br>Este jueves los Servicios de Salud reportan 177 casos positivos y 0 decesos.<br>Suman 84 mil 705 casos confirmados y 5 mil 662 defunciones.<br>Hay 4 nosocomios saturados y la ocupaci\u00f3n hospitalaria promedio es de 17.8%. <a href=\"https:\/\/t.co\/7ledLLMGku\">pic.twitter.com\/7ledLLMGku<\/a><\/p>&mdash; Zona Roja Oaxaca (@Zona_Roja_Oax) <a href=\"https:\/\/twitter.com\/Zona_Roja_Oax\/status\/1479290457381380098?ref_src=twsrc%5Etfw\">7 de enero de 2022<\/a><\/blockquote><\/div>\n<\/div><\/figure>\n\n\n\n<p>Por Jurisdicci\u00f3n Sanitaria, Valles Centrales contabiliza 51 mil 359 confirmados y 331 activos; Istmo 11 mil 958 confirmados y 96 activos; Mixteca seis mil 563 confirmados y 46 activos; Costa seis mil 011 confirmados y 115 activos; Tuxtepec cinco mil 827 confirmados y 24 activos; Sierra dos mil 987 confirmados y 14 activos.<\/p>\n\n\n\n<p>Los 177 casos nuevos, afectan principalmente a los municipios de Oaxaca de Ju\u00e1rez con 35, Salina Cruz 18, Santa Mar\u00eda Huatulco 16, Heroica Ciudad de Huajuapan de Le\u00f3n 11, San Juan Bautista Tuxtepec 10, Asunci\u00f3n Ixtaltepec y Santo Domingo Ingenio ocho cada uno, San Jacinto Amilpas y Santa Luc\u00eda del Camino seis, San Antonio de la Cal cuatro, el resto de tres a un solo caso.<\/p>\n\n\n\n<p>Los SSO, destacan que se han hospitalizado a dos nuevos pacientes, actualmente hay 75 que se encuentran recibiendo atenci\u00f3n m\u00e9dica por complicaciones derivadas de esta enfermedad.<\/p>\n\n\n\n<p>La red m\u00e9dica global presenta el 17.8% de saturaci\u00f3n, pues de las 422 camas destinadas para la atenci\u00f3n de la pandemia, 347 est\u00e1n disponibles y cuatro hospitales se encuentran al 100% de ocupaci\u00f3n.<\/p>\n","protected":false},"excerpt":{"rendered":"<p>Redacci\u00f3n\/Zona Roja. Oaxaca de Ju\u00e1rez, Oax. 7 de enero de 2022.- Los Servicios de Salud&hellip;<\/p>\n","protected":false},"author":2,"featured_media":36198,"comment_status":"closed","ping_status":"open","sticky":false,"template":"","format":"standard","meta":{"_lmt_disableupdate":"","_lmt_disable":"","_jetpack_memberships_contains_paid_content":false,"footnotes":""},"categories":[109,47],"tags":[2956],"class_list":["post-36197","post","type-post","status-publish","format-standard","has-post-thumbnail","hentry","category-minuto-a-minuto","category-zona-gris","tag-variante-covid-omicron"],"jetpack_featured_media_url":"https:\/\/zonaroja.com.mx\/wp-content\/uploads\/2022\/01\/06-de-enero-2022-Variantes-en-Oaxaca.jpg","jetpack_sharing_enabled":true,"_links":{"self":[{"href":"https:\/\/zonaroja.com.mx\/index.php?rest_route=\/wp\/v2\/posts\/36197","targetHints":{"allow":["GET"]}}],"collection":[{"href":"https:\/\/zonaroja.com.mx\/index.php?rest_route=\/wp\/v2\/posts"}],"about":[{"href":"https:\/\/zonaroja.com.mx\/index.php?rest_route=\/wp\/v2\/types\/post"}],"author":[{"embeddable":true,"href":"https:\/\/zonaroja.com.mx\/index.php?rest_route=\/wp\/v2\/users\/2"}],"replies":[{"embeddable":true,"href":"https:\/\/zonaroja.com.mx\/index.php?rest_route=%2Fwp%2Fv2%2Fcomments&post=36197"}],"version-history":[{"count":1,"href":"https:\/\/zonaroja.com.mx\/index.php?rest_route=\/wp\/v2\/posts\/36197\/revisions"}],"predecessor-version":[{"id":36199,"href":"https:\/\/zonaroja.com.mx\/index.php?rest_route=\/wp\/v2\/posts\/36197\/revisions\/36199"}],"wp:featuredmedia":[{"embeddable":true,"href":"https:\/\/zonaroja.com.mx\/index.php?rest_route=\/wp\/v2\/media\/36198"}],"wp:attachment":[{"href":"https:\/\/zonaroja.com.mx\/index.php?rest_route=%2Fwp%2Fv2%2Fmedia&parent=36197"}],"wp:term":[{"taxonomy":"category","embeddable":true,"href":"https:\/\/zonaroja.com.mx\/index.php?rest_route=%2Fwp%2Fv2%2Fcategories&post=36197"},{"taxonomy":"post_tag","embeddable":true,"href":"https:\/\/zonaroja.com.mx\/index.php?rest_route=%2Fwp%2Fv2%2Ftags&post=36197"}],"curies":[{"name":"wp","href":"https:\/\/api.w.org\/{rel}","templated":true}]}}