{"id":36203,"date":"2022-01-07T08:16:34","date_gmt":"2022-01-07T14:16:34","guid":{"rendered":"http:\/\/www.zonaroja.com.mx\/?p=36203"},"modified":"2022-01-07T08:16:36","modified_gmt":"2022-01-07T14:16:36","slug":"registra-derechos-humanos-9-casos-de-intolerancia-religiosa-en-oaxaca","status":"publish","type":"post","link":"https:\/\/zonaroja.com.mx\/?p=36203","title":{"rendered":"Registra Derechos Humanos 9 casos de intolerancia religiosa en Oaxaca"},"content":{"rendered":"\n<p>Redacci\u00f3n\/Zona Roja.<\/p>\n\n\n\n<p>Oaxaca de Ju\u00e1rez, Oax., 7 de enero de 2022.- La Defensor\u00eda de los Derechos Humanos del Pueblo de Oaxaca (DDHPO) tiene el registro de nueve expedientes relacionados con desplazamiento por intolerancia religiosa entre 2011 y hasta la primera quincena de diciembre de 2021.<\/p>\n\n\n\n<p>Ante ello, reiter\u00f3 el llamado a las autoridades municipales, asambleas y sociedad, a establecer mecanismos que garanticen el derecho de las personas a ejercer libremente sus creencias religiosas.<\/p>\n\n\n\n<p>En un comunicado de prensa, exhort\u00f3 a las autoridades de todos los niveles, a respetar el derecho de las personas a decidir libremente sus creencias religiosas y actuar en consecuencia para proteger la garant\u00eda que implica la libertad de conciencia.<\/p>\n\n\n\n<p>En el caso de la retenci\u00f3n de personas originarias de San Pedro Chimaltepec, San Juan Mazatl\u00e1n Mixe, por negarse a prestar un servicio comunitario de \u00edndole religioso, la Defensor\u00eda convoc\u00f3 a las autoridades municipales en general, as\u00ed como aquellas que se rigen bajo Sistemas Normativos Internos, a encontrar un equilibrio entre el respeto a los servicios comunitarios y la libertad de credo de cada persona.<\/p>\n\n\n\n<p>El organismo aut\u00f3nomo reconoci\u00f3 que las comunidades ind\u00edgenas son titulares de derechos que protegen su religi\u00f3n y, en especial, la preservaci\u00f3n de \u00e9sta, porque uno de los elementos que permiten la identidad de sus miembros se relaciona directamente con las creencias y la religi\u00f3n que comparten.<\/p>\n\n\n\n<p>Sin embargo, hizo un llamado a buscar formas creativas que permitan la armonizaci\u00f3n de la norma tradicional de cumplir cargos en las comunidades, con el derecho a la libertad religiosa de las personas en lo individual.<\/p>\n\n\n\n<p>La violaci\u00f3n al derecho a la libertad de creencia religiosa y culto p\u00fablico, constituye una problem\u00e1tica, a trav\u00e9s de la cual se excluye a un sector de la poblaci\u00f3n por tener una creencia distinta a la de la mayor\u00eda.<\/p>\n\n\n\n<p>En este sentido, el Art\u00edculo 1 de la Constituci\u00f3n Pol\u00edtica de los Estados Unidos Mexicanos establece la prohibici\u00f3n de todo tipo de discriminaci\u00f3n motivada por el origen \u00e9tnico o nacionalidad, g\u00e9nero, edad, discapacidades, condici\u00f3n social, de salud, religi\u00f3n, opiniones, preferencias sexuales, estado civil, o cualquier otra que atente contra la dignidad humana.<\/p>\n\n\n\n<p>Finalmente, la DDHPO reconoci\u00f3 que en la mayor\u00eda de los casos, los propios acuerdos comunitarios e intercomunitarios que los pueblos originarios plantean y realizan de manera colectiva para resolver sus diferencias, permiten la soluci\u00f3n pac\u00edfica de sus conflictos, dentro de los cuales, est\u00e1n precisamente los relacionados con las creencias religiosas distintas a las de la generalidad, en un marco de respeto y tolerancia a sus propios sistemas normativos.<\/p>\n","protected":false},"excerpt":{"rendered":"<p>Redacci\u00f3n\/Zona Roja. Oaxaca de Ju\u00e1rez, Oax., 7 de enero de 2022.- La Defensor\u00eda de los&hellip;<\/p>\n","protected":false},"author":2,"featured_media":36204,"comment_status":"closed","ping_status":"open","sticky":false,"template":"","format":"standard","meta":{"_lmt_disableupdate":"","_lmt_disable":"","_jetpack_memberships_contains_paid_content":false,"footnotes":""},"categories":[109,46],"tags":[],"class_list":["post-36203","post","type-post","status-publish","format-standard","has-post-thumbnail","hentry","category-minuto-a-minuto","category-zona-blanca"],"jetpack_featured_media_url":"https:\/\/zonaroja.com.mx\/wp-content\/uploads\/2022\/01\/Intolerancia-religiosa.jpg","jetpack_sharing_enabled":true,"_links":{"self":[{"href":"https:\/\/zonaroja.com.mx\/index.php?rest_route=\/wp\/v2\/posts\/36203","targetHints":{"allow":["GET"]}}],"collection":[{"href":"https:\/\/zonaroja.com.mx\/index.php?rest_route=\/wp\/v2\/posts"}],"about":[{"href":"https:\/\/zonaroja.com.mx\/index.php?rest_route=\/wp\/v2\/types\/post"}],"author":[{"embeddable":true,"href":"https:\/\/zonaroja.com.mx\/index.php?rest_route=\/wp\/v2\/users\/2"}],"replies":[{"embeddable":true,"href":"https:\/\/zonaroja.com.mx\/index.php?rest_route=%2Fwp%2Fv2%2Fcomments&post=36203"}],"version-history":[{"count":1,"href":"https:\/\/zonaroja.com.mx\/index.php?rest_route=\/wp\/v2\/posts\/36203\/revisions"}],"predecessor-version":[{"id":36205,"href":"https:\/\/zonaroja.com.mx\/index.php?rest_route=\/wp\/v2\/posts\/36203\/revisions\/36205"}],"wp:featuredmedia":[{"embeddable":true,"href":"https:\/\/zonaroja.com.mx\/index.php?rest_route=\/wp\/v2\/media\/36204"}],"wp:attachment":[{"href":"https:\/\/zonaroja.com.mx\/index.php?rest_route=%2Fwp%2Fv2%2Fmedia&parent=36203"}],"wp:term":[{"taxonomy":"category","embeddable":true,"href":"https:\/\/zonaroja.com.mx\/index.php?rest_route=%2Fwp%2Fv2%2Fcategories&post=36203"},{"taxonomy":"post_tag","embeddable":true,"href":"https:\/\/zonaroja.com.mx\/index.php?rest_route=%2Fwp%2Fv2%2Ftags&post=36203"}],"curies":[{"name":"wp","href":"https:\/\/api.w.org\/{rel}","templated":true}]}}