{"id":36219,"date":"2022-01-07T19:23:11","date_gmt":"2022-01-08T01:23:11","guid":{"rendered":"http:\/\/www.zonaroja.com.mx\/?p=36219"},"modified":"2022-01-07T19:23:13","modified_gmt":"2022-01-08T01:23:13","slug":"va-susana-harp-ante-el-tepjf-morena-echo-abajo-su-impugnacion","status":"publish","type":"post","link":"https:\/\/zonaroja.com.mx\/?p=36219","title":{"rendered":"Va Susana Harp ante el TEPJF; Morena ech\u00f3 abajo su impugnaci\u00f3n"},"content":{"rendered":"\n<p>Yuridiana Sosa\/Zona Roja.<\/p>\n\n\n\n<p>Oaxaca de Ju\u00e1rez, Oax., 7 de enero de 2022.- La senadora Susana Harp Iturribarr\u00eda, aspirante a la gubernatura de Oaxaca, anunci\u00f3 que acudir\u00e1 ante el Tribunal Electoral del Poder Judicial de la Federal (TEPJF), en defensa de sus derechos pol\u00edticos y por raz\u00f3n de g\u00e9nero.<\/p>\n\n\n\n<p>Esta ruta jur\u00eddica la inicia luego que este viernes, por mayor\u00eda, la Comisi\u00f3n Nacional de Honor y Justicia (CNHJ) de Morena desech\u00f3 la impugnaci\u00f3n de la senadora sobre el proceso interno para la designaci\u00f3n del candidato en Oaxaca.<\/p>\n\n\n\n<p>\u201cPosterior a que la CNHJ de Morena decidi\u00f3 no discutir de fondo la igualdad sustantiva ni hacer valer mis derechos pol\u00edticos, acudir\u00e9 ante la sala superior del TEPJ\u201d, expuso Harp Iturribarr\u00eda en su cuenta de Twitter.<\/p>\n\n\n\n<p>La aspirante se\u00f1al\u00f3 en otro mensaje: \u201cEl camino para la igualdad sustantiva est\u00e1 lleno de batallas, misma que dar\u00e9 con dignidad. La Constituci\u00f3n nos asiste\u201d.<\/p>\n\n\n\n<p>Por su parte, Vladimir R\u00edos Garcia, integrante de la CNHJ, manifest\u00f3 su rechazo a la decisi\u00f3n colectiva y dijo que su voto fue en contra para desechar el proceso de Susana Harp.<\/p>\n\n\n\n<figure class=\"wp-block-embed is-type-rich is-provider-twitter wp-block-embed-twitter\"><div class=\"wp-block-embed__wrapper\">\n<div class=\"twitter-tweet\"><blockquote class=\"twitter-tweet\" data-lang=\"es\"><p lang=\"es\" dir=\"ltr\">El camino para la igualdad sustantiva est\u00e1 lleno de batallas, misma que dar\u00e9 con dignidad. La Constituci\u00f3n nos asiste.<br>2\/2<\/p>&mdash; Susana Harp Iturribarr\u00eda (@SusanaHarp) <a href=\"https:\/\/twitter.com\/SusanaHarp\/status\/1479550813169065986?ref_src=twsrc%5Etfw\">7 de enero de 2022<\/a><\/blockquote><\/div>\n<\/div><\/figure>\n\n\n\n<p>\u201cVot\u00e9 en contra y emitir\u00e9 voto particular. Se debi\u00f3 entrar al estudio de fondo del asunto. Retrocedemos en materia de derechos de la mujer con esta resoluci\u00f3n\u201d, expres\u00f3 en su mensaje de Twitter.<\/p>\n\n\n\n<p>NO SE VA DE MORENA<\/p>\n\n\n\n<p>Ante la difusi\u00f3n de informaci\u00f3n e im\u00e1genes sobre la supuesta postulaci\u00f3n de Susana Harp en otros partidos pol\u00edticos para la gubernatura de Oaxaca, la senadora tambi\u00e9n ofreci\u00f3 declaraciones en sus redes sociales.<\/p>\n\n\n\n<p>Algunas casas encuestadoras est\u00e1n publicando encuestas con mi nombre como posible candidata de otros partidos diferentes a Morena. Reitero que si no es con @PartidomorenaMx no ir\u00e9 en la boleta. Yo no traiciono. C&amp;Eresearch\u201d, escribi\u00f3.<\/p>\n\n\n\n<p>En las \u00faltimas horas se ha difundido la supuesta relaci\u00f3n pol\u00edtica de Harp Iturribarr\u00eda con el PAN y con el PRD.<\/p>\n","protected":false},"excerpt":{"rendered":"<p>Yuridiana Sosa\/Zona Roja. Oaxaca de Ju\u00e1rez, Oax., 7 de enero de 2022.- La senadora Susana&hellip;<\/p>\n","protected":false},"author":2,"featured_media":36220,"comment_status":"closed","ping_status":"open","sticky":false,"template":"","format":"standard","meta":{"_lmt_disableupdate":"","_lmt_disable":"","_jetpack_memberships_contains_paid_content":false,"footnotes":""},"categories":[109,47],"tags":[1685],"class_list":["post-36219","post","type-post","status-publish","format-standard","has-post-thumbnail","hentry","category-minuto-a-minuto","category-zona-gris","tag-susana-harp-iturribarria"],"jetpack_featured_media_url":"https:\/\/zonaroja.com.mx\/wp-content\/uploads\/2022\/01\/Susana-Harp-I.jpg","jetpack_sharing_enabled":true,"_links":{"self":[{"href":"https:\/\/zonaroja.com.mx\/index.php?rest_route=\/wp\/v2\/posts\/36219","targetHints":{"allow":["GET"]}}],"collection":[{"href":"https:\/\/zonaroja.com.mx\/index.php?rest_route=\/wp\/v2\/posts"}],"about":[{"href":"https:\/\/zonaroja.com.mx\/index.php?rest_route=\/wp\/v2\/types\/post"}],"author":[{"embeddable":true,"href":"https:\/\/zonaroja.com.mx\/index.php?rest_route=\/wp\/v2\/users\/2"}],"replies":[{"embeddable":true,"href":"https:\/\/zonaroja.com.mx\/index.php?rest_route=%2Fwp%2Fv2%2Fcomments&post=36219"}],"version-history":[{"count":1,"href":"https:\/\/zonaroja.com.mx\/index.php?rest_route=\/wp\/v2\/posts\/36219\/revisions"}],"predecessor-version":[{"id":36221,"href":"https:\/\/zonaroja.com.mx\/index.php?rest_route=\/wp\/v2\/posts\/36219\/revisions\/36221"}],"wp:featuredmedia":[{"embeddable":true,"href":"https:\/\/zonaroja.com.mx\/index.php?rest_route=\/wp\/v2\/media\/36220"}],"wp:attachment":[{"href":"https:\/\/zonaroja.com.mx\/index.php?rest_route=%2Fwp%2Fv2%2Fmedia&parent=36219"}],"wp:term":[{"taxonomy":"category","embeddable":true,"href":"https:\/\/zonaroja.com.mx\/index.php?rest_route=%2Fwp%2Fv2%2Fcategories&post=36219"},{"taxonomy":"post_tag","embeddable":true,"href":"https:\/\/zonaroja.com.mx\/index.php?rest_route=%2Fwp%2Fv2%2Ftags&post=36219"}],"curies":[{"name":"wp","href":"https:\/\/api.w.org\/{rel}","templated":true}]}}