{"id":36226,"date":"2022-01-07T21:43:44","date_gmt":"2022-01-08T03:43:44","guid":{"rendered":"http:\/\/www.zonaroja.com.mx\/?p=36226"},"modified":"2022-01-07T21:43:47","modified_gmt":"2022-01-08T03:43:47","slug":"suman-dos-ejecutados-en-24-horas-en-la-region-del-istmo","status":"publish","type":"post","link":"https:\/\/zonaroja.com.mx\/?p=36226","title":{"rendered":"Suman dos ejecutados en 24 horas, en la regi\u00f3n del Istmo"},"content":{"rendered":"\n<p>Redacci\u00f3n\/Zona Roja.<\/p>\n\n\n\n<p>Oaxaca de Ju\u00e1rez, Oax., 7 de enero de 2022.- Dos personas han sido asesinadas a balazos en las \u00faltimas 24 horas en la regi\u00f3n del Istmo de Tehuantepec.<\/p>\n\n\n\n<p>El m\u00e1s reciente hecho se suscit\u00f3 la tarde de hoy en el municipio de Mat\u00edas Romero Avenda\u00f1o, en que fue ultimado a balazos un individuo, en la calle Ernesto Guzm\u00e1n Clark de la colonia Barrio Nuevo.<\/p>\n\n\n\n<p>Sujetos desconocidos dispararon en contra de la persona del sexo masculino, hasta ahora no identificada, tras lo cual huyeron; la v\u00edctima ser\u00eda originaria de Santa Mar\u00eda Petapa, lo cual indagan las autoridades ministeriales.<\/p>\n\n\n\n<p>En tanto que ayer, en el barrio S\u00e9ptima Secci\u00f3n de Juchit\u00e1n de Zaragoza, fue agredido a balazos un joven de aproximadamente 22 a\u00f1os de edad, identificado posteriormente como Manuel Z. M.<\/p>\n\n\n\n<p>El hombre, seg\u00fan reportes policiacos, tiene varios antecedentes delictivos. El cuerpo fue levantado por sus familiares antes de que llegara el Ministerio P\u00fablico y personal de la Agencia Estatal de Investigaciones, y llevado a su domicilio en la calle Libertad de la S\u00e9ptima Secci\u00f3n.<\/p>\n","protected":false},"excerpt":{"rendered":"<p>Redacci\u00f3n\/Zona Roja. Oaxaca de Ju\u00e1rez, Oax., 7 de enero de 2022.- Dos personas han sido&hellip;<\/p>\n","protected":false},"author":2,"featured_media":36227,"comment_status":"closed","ping_status":"open","sticky":false,"template":"","format":"standard","meta":{"_lmt_disableupdate":"","_lmt_disable":"","_jetpack_memberships_contains_paid_content":false,"footnotes":""},"categories":[109,51],"tags":[228],"class_list":["post-36226","post","type-post","status-publish","format-standard","has-post-thumbnail","hentry","category-minuto-a-minuto","category-zona-roja","tag-matias-romero-avendano"],"jetpack_featured_media_url":"https:\/\/zonaroja.com.mx\/wp-content\/uploads\/2022\/01\/Ejecutado-x.jpg","jetpack_sharing_enabled":true,"_links":{"self":[{"href":"https:\/\/zonaroja.com.mx\/index.php?rest_route=\/wp\/v2\/posts\/36226","targetHints":{"allow":["GET"]}}],"collection":[{"href":"https:\/\/zonaroja.com.mx\/index.php?rest_route=\/wp\/v2\/posts"}],"about":[{"href":"https:\/\/zonaroja.com.mx\/index.php?rest_route=\/wp\/v2\/types\/post"}],"author":[{"embeddable":true,"href":"https:\/\/zonaroja.com.mx\/index.php?rest_route=\/wp\/v2\/users\/2"}],"replies":[{"embeddable":true,"href":"https:\/\/zonaroja.com.mx\/index.php?rest_route=%2Fwp%2Fv2%2Fcomments&post=36226"}],"version-history":[{"count":1,"href":"https:\/\/zonaroja.com.mx\/index.php?rest_route=\/wp\/v2\/posts\/36226\/revisions"}],"predecessor-version":[{"id":36228,"href":"https:\/\/zonaroja.com.mx\/index.php?rest_route=\/wp\/v2\/posts\/36226\/revisions\/36228"}],"wp:featuredmedia":[{"embeddable":true,"href":"https:\/\/zonaroja.com.mx\/index.php?rest_route=\/wp\/v2\/media\/36227"}],"wp:attachment":[{"href":"https:\/\/zonaroja.com.mx\/index.php?rest_route=%2Fwp%2Fv2%2Fmedia&parent=36226"}],"wp:term":[{"taxonomy":"category","embeddable":true,"href":"https:\/\/zonaroja.com.mx\/index.php?rest_route=%2Fwp%2Fv2%2Fcategories&post=36226"},{"taxonomy":"post_tag","embeddable":true,"href":"https:\/\/zonaroja.com.mx\/index.php?rest_route=%2Fwp%2Fv2%2Ftags&post=36226"}],"curies":[{"name":"wp","href":"https:\/\/api.w.org\/{rel}","templated":true}]}}