{"id":36234,"date":"2022-01-08T07:06:07","date_gmt":"2022-01-08T13:06:07","guid":{"rendered":"http:\/\/www.zonaroja.com.mx\/?p=36234"},"modified":"2022-01-08T07:06:09","modified_gmt":"2022-01-08T13:06:09","slug":"contribuye-ieepo-con-acciones-que-generen-ambientes-seguros-y-armonicos","status":"publish","type":"post","link":"https:\/\/zonaroja.com.mx\/?p=36234","title":{"rendered":"Contribuye IEEPO con acciones que generen ambientes seguros y arm\u00f3nicos"},"content":{"rendered":"\n<p>Redacci\u00f3n\/Zona Roja.<\/p>\n\n\n\n<p>Oaxaca de Ju\u00e1rez, Oax. 8 de enero de 2022.- El Instituto Estatal de Educaci\u00f3n P\u00fablica de Oaxaca (IEEPO), elabor\u00f3 el Manual de Actuaci\u00f3n para una Escuela Libre de Violencia y Acoso Escolar, que promueve se garanticen los derechos humanos de las ni\u00f1as, ni\u00f1os y adolescentes de la entidad y se brinde respuesta a planteamientos y estrategias para la prevenci\u00f3n, atenci\u00f3n y seguimiento de las violencias, con \u00e9nfasis en la responsabilidad en la que deben actuar las personas adultas.<\/p>\n\n\n\n<p>De esta forma, el gobierno de Oaxaca que encabeza el gobernador, Alejandro Murat Hinojosa, lleva a cabo acciones con informaci\u00f3n clara y precisa sobre el proceder para atender diversos comportamientos que afecten el desarrollo integral de las y los menores de edad y sean garantizados sus derechos de vivir en un ambiente sano y de armon\u00eda.<\/p>\n\n\n\n<p>El Manual, minuciosamente elaborado con la colaboraci\u00f3n de diversas instancias y la sociedad civil, est\u00e1 dirigido al personal docente, padres, madres de familia y personas en general, en donde se expone la importancia de proteger, cuidar y salvaguardar los derechos humanos de la ni\u00f1ez y adolescencia en las relaciones humanas diarias dentro del \u00e1mbito educativo y con ello prevenir conductas de riesgo, promoviendo ambientes protectores en donde las diferencias sean respetadas.<\/p>\n\n\n\n<p>Adem\u00e1s, que los centros educativos, a trav\u00e9s de las instancias de autoridad, intervengan oportunamente con estrategias de mediaci\u00f3n y resoluci\u00f3n de conflictos que garanticen la seguridad de las y los involucrados.<\/p>\n\n\n\n<p>De esta manera se busca sensibilizar a las personas adultas sobre la importancia de brindar a las y los menores de edad ambientes sanos, arm\u00f3nicos, libres de violencia, dentro y fuera del espacio educativo que coadyuven a su aprendizaje escolar y a su desarrollo en general como personas.<\/p>\n\n\n\n<p>La directora para la Atenci\u00f3n de los Derechos Humanos del IEEPO, Marlene Aldeco Reyes Retana, explic\u00f3 que el documento otorga herramientas did\u00e1cticas, pedag\u00f3gicas y psicol\u00f3gicas que coadyuvan y apuntalan estrategias y formas de actuaci\u00f3n a todas las personas involucradas en el \u00e1mbito educativo como es el personal directivo, docente, administrativo, madres, padres de familia y educandos.<\/p>\n\n\n\n<p>De tal manera que los criterios que se enuncian permitan detectar los casos para su prevenci\u00f3n, detecci\u00f3n y, con ello, saber solucionarlos o, en su defecto, encauzarlos hacia las instancias correspondientes.<\/p>\n\n\n\n<p>La importancia de atender las violencias en las ni\u00f1as, ni\u00f1os y adolescentes<\/p>\n\n\n\n<p>El texto, se\u00f1ala que la violencia y acoso escolar son por lo general el reflejo de las m\u00faltiples formas de agresi\u00f3n que viven ni\u00f1as, ni\u00f1os y adolescentes, quienes muchas veces canalizan el dolor, el enojo, la carencia de afecto y la incomprensi\u00f3n a trav\u00e9s de conductas que les afectan directamente y a quienes les rodean o bien, les colocan en una situaci\u00f3n de vulnerabilidad que les impide poner l\u00edmites a quienes les agreden o a denunciar lo que les ocurre.<\/p>\n\n\n\n<p>Tanto la violencia como el acoso escolar son conductas que transgreden los derechos humanos de la ni\u00f1ez y la adolescencia, ya que obstaculizan e impiden el desarrollo integral de este sector de la poblaci\u00f3n que, de no existir una intervenci\u00f3n oportuna e integral para prevenir y atender estas situaciones, es probable que se desencadenen una serie de violaciones a otros derechos en menoscabo de su calidad de vida y de bienestar personal.<\/p>\n\n\n\n<p>Es por ello que el encargado de Despacho del IEEPO, Ernesto L\u00f3pez Montero, promueve la consulta de este Manual de Actuaci\u00f3n para una Escuela Libre de Violencia y Acoso Escolar de forma digital y alcance de todas las personas, a trav\u00e9s de la liga: https:\/\/drive.google.com\/file\/d\/1dR60YvCa_0ee5ckikkjJ0ZBl-J3xB0aC\/view.<\/p>\n","protected":false},"excerpt":{"rendered":"<p>Redacci\u00f3n\/Zona Roja. Oaxaca de Ju\u00e1rez, Oax. 8 de enero de 2022.- El Instituto Estatal de&hellip;<\/p>\n","protected":false},"author":2,"featured_media":36235,"comment_status":"closed","ping_status":"open","sticky":false,"template":"","format":"standard","meta":{"_lmt_disableupdate":"","_lmt_disable":"","_jetpack_memberships_contains_paid_content":false,"footnotes":""},"categories":[109,46],"tags":[2837],"class_list":["post-36234","post","type-post","status-publish","format-standard","has-post-thumbnail","hentry","category-minuto-a-minuto","category-zona-blanca","tag-instituto-estatal-de-educacion-publica-de-oaxaca-ieepo"],"jetpack_featured_media_url":"https:\/\/zonaroja.com.mx\/wp-content\/uploads\/2022\/01\/IEEPO-escuela-aula-covid-clases.jpg","jetpack_sharing_enabled":true,"_links":{"self":[{"href":"https:\/\/zonaroja.com.mx\/index.php?rest_route=\/wp\/v2\/posts\/36234","targetHints":{"allow":["GET"]}}],"collection":[{"href":"https:\/\/zonaroja.com.mx\/index.php?rest_route=\/wp\/v2\/posts"}],"about":[{"href":"https:\/\/zonaroja.com.mx\/index.php?rest_route=\/wp\/v2\/types\/post"}],"author":[{"embeddable":true,"href":"https:\/\/zonaroja.com.mx\/index.php?rest_route=\/wp\/v2\/users\/2"}],"replies":[{"embeddable":true,"href":"https:\/\/zonaroja.com.mx\/index.php?rest_route=%2Fwp%2Fv2%2Fcomments&post=36234"}],"version-history":[{"count":1,"href":"https:\/\/zonaroja.com.mx\/index.php?rest_route=\/wp\/v2\/posts\/36234\/revisions"}],"predecessor-version":[{"id":36236,"href":"https:\/\/zonaroja.com.mx\/index.php?rest_route=\/wp\/v2\/posts\/36234\/revisions\/36236"}],"wp:featuredmedia":[{"embeddable":true,"href":"https:\/\/zonaroja.com.mx\/index.php?rest_route=\/wp\/v2\/media\/36235"}],"wp:attachment":[{"href":"https:\/\/zonaroja.com.mx\/index.php?rest_route=%2Fwp%2Fv2%2Fmedia&parent=36234"}],"wp:term":[{"taxonomy":"category","embeddable":true,"href":"https:\/\/zonaroja.com.mx\/index.php?rest_route=%2Fwp%2Fv2%2Fcategories&post=36234"},{"taxonomy":"post_tag","embeddable":true,"href":"https:\/\/zonaroja.com.mx\/index.php?rest_route=%2Fwp%2Fv2%2Ftags&post=36234"}],"curies":[{"name":"wp","href":"https:\/\/api.w.org\/{rel}","templated":true}]}}