{"id":3624,"date":"2019-09-02T20:59:48","date_gmt":"2019-09-03T01:59:48","guid":{"rendered":"http:\/\/www.zonaroja.com.mx\/?p=3624"},"modified":"2019-09-02T20:59:50","modified_gmt":"2019-09-03T01:59:50","slug":"tras-cambio-de-director-reanudan-clases-en-secundaria-rodolfo-morales","status":"publish","type":"post","link":"https:\/\/zonaroja.com.mx\/?p=3624","title":{"rendered":"Tras cambio de director, reanudan clases en secundaria \u201cRodolfo Morales\u201d"},"content":{"rendered":"\n<p>Redacci\u00f3n\/Zona\nRoja. <\/p>\n\n\n\n<p>Oaxaca de\nJu\u00e1rez, Oax., 2 de septiembre de 2019.- Tras el cambio de director del plantel,\neste martes inicia el ciclo escolar en la escuela secundaria \u201cRodolfo Morales\u201d\nde la ciudad de Oaxaca, luego de una semana de retraso por conflictos internos.<\/p>\n\n\n\n<p>Funcionarios\ndel Instituto Estatal de Educaci\u00f3n P\u00fablica de Oaxaca (IEEPO), encabezados por\nTania Lizbeth Luna Alvarado, titular de la Unidad de Secundarias, y Carlos\nRasgado Toledo, de la Secretar\u00eda General de Gobierno (Segego), revisaron hoy las\ninstalaciones del plantel, donde tambi\u00e9n realizaron los preparativos para el inicio\nde clases el d\u00eda de ma\u00f1ana.<\/p>\n\n\n\n<p>Ante padres\nde familia y docentes se present\u00f3 al nuevo director, Luis Eugenio L\u00f3pez, quien\ntiene la encomienda de trabajar para el desarrollo educativo en esta escuela,\ndio a conocer el Instituto a trav\u00e9s de un comunicado.<\/p>\n\n\n\n<p>La servidora\np\u00fablica reiter\u00f3 que es mediante el di\u00e1logo como se logran los acuerdos;\nmanifest\u00f3 que se establecer\u00e1n acciones para regularizar a las y los estudiantes\ny cubrir los contenidos programados en el plan de estudios para este ciclo\nescolar 2019-2020.<\/p>\n\n\n\n<p>Los padres\nde familia celebraron el inicio de actividades y reconocieron el trabajo de las\ndependencias del Gobierno del Estado en la soluci\u00f3n de los problemas que\nenfrent\u00f3 la instituci\u00f3n educativa.<\/p>\n","protected":false},"excerpt":{"rendered":"<p>Redacci\u00f3n\/Zona Roja. Oaxaca de Ju\u00e1rez, Oax., 2 de septiembre de 2019.- Tras el cambio de&hellip;<\/p>\n","protected":false},"author":2,"featured_media":3625,"comment_status":"closed","ping_status":"open","sticky":false,"template":"","format":"standard","meta":{"_lmt_disableupdate":"","_lmt_disable":"","_jetpack_memberships_contains_paid_content":false,"footnotes":""},"categories":[109,46],"tags":[599],"class_list":["post-3624","post","type-post","status-publish","format-standard","has-post-thumbnail","hentry","category-minuto-a-minuto","category-zona-blanca","tag-instituto-estatal-de-educacion-publica-de-oaxaca"],"jetpack_featured_media_url":"https:\/\/zonaroja.com.mx\/wp-content\/uploads\/2019\/09\/02-ieepo.jpeg","jetpack_sharing_enabled":true,"_links":{"self":[{"href":"https:\/\/zonaroja.com.mx\/index.php?rest_route=\/wp\/v2\/posts\/3624","targetHints":{"allow":["GET"]}}],"collection":[{"href":"https:\/\/zonaroja.com.mx\/index.php?rest_route=\/wp\/v2\/posts"}],"about":[{"href":"https:\/\/zonaroja.com.mx\/index.php?rest_route=\/wp\/v2\/types\/post"}],"author":[{"embeddable":true,"href":"https:\/\/zonaroja.com.mx\/index.php?rest_route=\/wp\/v2\/users\/2"}],"replies":[{"embeddable":true,"href":"https:\/\/zonaroja.com.mx\/index.php?rest_route=%2Fwp%2Fv2%2Fcomments&post=3624"}],"version-history":[{"count":1,"href":"https:\/\/zonaroja.com.mx\/index.php?rest_route=\/wp\/v2\/posts\/3624\/revisions"}],"predecessor-version":[{"id":3626,"href":"https:\/\/zonaroja.com.mx\/index.php?rest_route=\/wp\/v2\/posts\/3624\/revisions\/3626"}],"wp:featuredmedia":[{"embeddable":true,"href":"https:\/\/zonaroja.com.mx\/index.php?rest_route=\/wp\/v2\/media\/3625"}],"wp:attachment":[{"href":"https:\/\/zonaroja.com.mx\/index.php?rest_route=%2Fwp%2Fv2%2Fmedia&parent=3624"}],"wp:term":[{"taxonomy":"category","embeddable":true,"href":"https:\/\/zonaroja.com.mx\/index.php?rest_route=%2Fwp%2Fv2%2Fcategories&post=3624"},{"taxonomy":"post_tag","embeddable":true,"href":"https:\/\/zonaroja.com.mx\/index.php?rest_route=%2Fwp%2Fv2%2Ftags&post=3624"}],"curies":[{"name":"wp","href":"https:\/\/api.w.org\/{rel}","templated":true}]}}