{"id":36240,"date":"2022-01-08T07:40:22","date_gmt":"2022-01-08T13:40:22","guid":{"rendered":"http:\/\/www.zonaroja.com.mx\/?p=36240"},"modified":"2022-01-08T07:40:24","modified_gmt":"2022-01-08T13:40:24","slug":"mas-de-570-personas-han-desaparecido-en-cinco-anos-en-oaxaca-ong","status":"publish","type":"post","link":"https:\/\/zonaroja.com.mx\/?p=36240","title":{"rendered":"M\u00e1s de 570 personas han desaparecido en cinco a\u00f1os en Oaxaca: ONG"},"content":{"rendered":"\n<p>Yuridiana Sosa\/Zona Roja.<\/p>\n\n\n\n<p>Oaxaca de Ju\u00e1rez, Oax., 8 de enero de 2022.- Aproximadamente 570 personas han desaparecido en territorio oaxaque\u00f1o entre los a\u00f1os 2017 al 2021, se\u00f1al\u00f3 el Centro de Derechos Humanos y Asesor\u00eda a Pueblos Ind\u00edgenas A.C (Cedhapi A.C.).<\/p>\n\n\n\n<p>La investigaci\u00f3n de la asociaci\u00f3n civil arroj\u00f3 que en el a\u00f1o 2017 se registraron un aproximado de 80 v\u00edctimas de desaparici\u00f3n forzada, en el a\u00f1o 2018 alrededor de 110; en 2019, 220 v\u00edctimas; en 2020 fueron 100 personas y en el a\u00f1o que reci\u00e9n termin\u00f3, 2021, un aproximado de 60 v\u00edctimas.<\/p>\n\n\n\n<p>\u201cLa Convenci\u00f3n Internacional para la Protecci\u00f3n de Todas las Personas Contra Las Desapariciones Forzadas refiere en su art\u00edculo 5 que la pr\u00e1ctica generalizada o sistem\u00e1tica de la Desaparici\u00f3n Forzada constituye un crimen de lesa humanidad\u201d, cit\u00f3 la organizaci\u00f3n con relaci\u00f3n a los hechos frecuentes en la entidad.<\/p>\n\n\n\n<p>La Cedhapi A.C. agreg\u00f3 que nueve de los casos documentados se han presentado ante el Comit\u00e9 contra la Desaparici\u00f3n Forzada de la ONU; seis casos cuentan con acci\u00f3n urgente del Comit\u00e9 de Desaparici\u00f3n Forzada de la ONU.<\/p>\n\n\n\n<p>La organizaci\u00f3n record\u00f3 el caso de la joven Yessenia Pascual Ramos, de 23 a\u00f1os, desaparecida en mayo del 2015, en Tlaxiaco, en la regi\u00f3n de la Mixteca y quien se desempe\u00f1a como gestora social de proyectos a favor de comunidades ind\u00edgenas de esa regi\u00f3n.<\/p>\n\n\n\n<p>Por este caso, en marzo de 2020 el Comit\u00e9 Contra la Desaparici\u00f3n Forzada de la ONU emiti\u00f3 Medidas Cautelares y Acci\u00f3n Urgente a fin de adoptar todas las medidas necesarias para buscar y localizar a Pascual Ramos y proteger su vida e integridad personal.<\/p>\n\n\n\n<p>Tema por el cual la Cedhapi demand\u00f3 el cumplimiento de las Acciones Urgentes emitidas por la ONU, y la investigaci\u00f3n de todos los casos de desaparici\u00f3n forzada en Oaxaca que muchos han sido archivados y olvidados.<\/p>\n","protected":false},"excerpt":{"rendered":"<p>Yuridiana Sosa\/Zona Roja. Oaxaca de Ju\u00e1rez, Oax., 8 de enero de 2022.- Aproximadamente 570 personas&hellip;<\/p>\n","protected":false},"author":2,"featured_media":36241,"comment_status":"closed","ping_status":"open","sticky":false,"template":"","format":"standard","meta":{"_lmt_disableupdate":"","_lmt_disable":"","_jetpack_memberships_contains_paid_content":false,"footnotes":""},"categories":[109,47],"tags":[818],"class_list":["post-36240","post","type-post","status-publish","format-standard","has-post-thumbnail","hentry","category-minuto-a-minuto","category-zona-gris","tag-centro-de-derechos-humanos-y-asesoria-a-pueblos-indigenas-cedhapi"],"jetpack_featured_media_url":"https:\/\/zonaroja.com.mx\/wp-content\/uploads\/2022\/01\/Desaparecidos-Oaxaca.jpg","jetpack_sharing_enabled":true,"_links":{"self":[{"href":"https:\/\/zonaroja.com.mx\/index.php?rest_route=\/wp\/v2\/posts\/36240","targetHints":{"allow":["GET"]}}],"collection":[{"href":"https:\/\/zonaroja.com.mx\/index.php?rest_route=\/wp\/v2\/posts"}],"about":[{"href":"https:\/\/zonaroja.com.mx\/index.php?rest_route=\/wp\/v2\/types\/post"}],"author":[{"embeddable":true,"href":"https:\/\/zonaroja.com.mx\/index.php?rest_route=\/wp\/v2\/users\/2"}],"replies":[{"embeddable":true,"href":"https:\/\/zonaroja.com.mx\/index.php?rest_route=%2Fwp%2Fv2%2Fcomments&post=36240"}],"version-history":[{"count":1,"href":"https:\/\/zonaroja.com.mx\/index.php?rest_route=\/wp\/v2\/posts\/36240\/revisions"}],"predecessor-version":[{"id":36242,"href":"https:\/\/zonaroja.com.mx\/index.php?rest_route=\/wp\/v2\/posts\/36240\/revisions\/36242"}],"wp:featuredmedia":[{"embeddable":true,"href":"https:\/\/zonaroja.com.mx\/index.php?rest_route=\/wp\/v2\/media\/36241"}],"wp:attachment":[{"href":"https:\/\/zonaroja.com.mx\/index.php?rest_route=%2Fwp%2Fv2%2Fmedia&parent=36240"}],"wp:term":[{"taxonomy":"category","embeddable":true,"href":"https:\/\/zonaroja.com.mx\/index.php?rest_route=%2Fwp%2Fv2%2Fcategories&post=36240"},{"taxonomy":"post_tag","embeddable":true,"href":"https:\/\/zonaroja.com.mx\/index.php?rest_route=%2Fwp%2Fv2%2Ftags&post=36240"}],"curies":[{"name":"wp","href":"https:\/\/api.w.org\/{rel}","templated":true}]}}