{"id":36243,"date":"2022-01-08T08:03:02","date_gmt":"2022-01-08T14:03:02","guid":{"rendered":"http:\/\/www.zonaroja.com.mx\/?p=36243"},"modified":"2022-01-08T08:03:05","modified_gmt":"2022-01-08T14:03:05","slug":"recibe-juan-carlos-garcia-marquez-su-acreditacion-oficial-como-edil","status":"publish","type":"post","link":"https:\/\/zonaroja.com.mx\/?p=36243","title":{"rendered":"Recibe Juan Carlos Garc\u00eda M\u00e1rquez su acreditaci\u00f3n oficial como edil"},"content":{"rendered":"\n<p>Redacci\u00f3n\/Zona Roja.<\/p>\n\n\n\n<p>Oaxaca de Ju\u00e1rez, Oax., 8 de enero de 2022.- Juan Carlos Garc\u00eda M\u00e1rquez, presidente municipal de Santa Luc\u00eda del Camino, acompa\u00f1ado de los integrantes del Cabildo, recibi\u00f3 la acreditaci\u00f3n como autoridad municipal, por parte de la Direcci\u00f3n de Gobierno de la Secretar\u00eda General de Gobierno (Segego).<\/p>\n\n\n\n<p>En ese sentido, el mun\u00edcipe se\u00f1al\u00f3 que esta acreditaci\u00f3n valida a\u00fan m\u00e1s su triunfo y lo ayuda a gestionar recursos y proyectos ante las autoridades correspondientes de los niveles estatal y federal, esto, en beneficio de los y las ciudadanas de Santa Luc\u00eda.<\/p>\n\n\n\n<p>Asimismo, se\u00f1al\u00f3 que desde su primer d\u00eda de gobierno trabaja para llevar la 4T a su municipio y con ello reparar las carencias que dejaron las administraciones pasadas, por lo que reiter\u00f3 su compromiso de llevar su administraci\u00f3n de la mano del pueblo.<\/p>\n\n\n\n<p>El edil surgido del Partido Morena, ha emprendido una serie de acciones desde que inici\u00f3 su gobierno, el pasado 1 de enero, entre ellos, comenzar a resolver la problem\u00e1tica de la basura, a pesar de la falta de unidades recolectoras.<\/p>\n\n\n\n<p>Asimismo un programa emergente de bacheo y el reforzamiento de las acciones de seguridad, adem\u00e1s de festejar a la ni\u00f1ez y obsequiarles juguetes, en el marco del D\u00eda de Reyes, por mencionar algunas actividades.<\/p>\n","protected":false},"excerpt":{"rendered":"<p>Redacci\u00f3n\/Zona Roja. Oaxaca de Ju\u00e1rez, Oax., 8 de enero de 2022.- Juan Carlos Garc\u00eda M\u00e1rquez,&hellip;<\/p>\n","protected":false},"author":2,"featured_media":36244,"comment_status":"closed","ping_status":"open","sticky":false,"template":"","format":"standard","meta":{"_lmt_disableupdate":"","_lmt_disable":"","_jetpack_memberships_contains_paid_content":false,"footnotes":""},"categories":[109,46],"tags":[2533],"class_list":["post-36243","post","type-post","status-publish","format-standard","has-post-thumbnail","hentry","category-minuto-a-minuto","category-zona-blanca","tag-juan-carlos-garcia-marquez"],"jetpack_featured_media_url":"https:\/\/zonaroja.com.mx\/wp-content\/uploads\/2022\/01\/Juan-Carlos-Marquez-Heine-acreditaciones.jpg","jetpack_sharing_enabled":true,"_links":{"self":[{"href":"https:\/\/zonaroja.com.mx\/index.php?rest_route=\/wp\/v2\/posts\/36243","targetHints":{"allow":["GET"]}}],"collection":[{"href":"https:\/\/zonaroja.com.mx\/index.php?rest_route=\/wp\/v2\/posts"}],"about":[{"href":"https:\/\/zonaroja.com.mx\/index.php?rest_route=\/wp\/v2\/types\/post"}],"author":[{"embeddable":true,"href":"https:\/\/zonaroja.com.mx\/index.php?rest_route=\/wp\/v2\/users\/2"}],"replies":[{"embeddable":true,"href":"https:\/\/zonaroja.com.mx\/index.php?rest_route=%2Fwp%2Fv2%2Fcomments&post=36243"}],"version-history":[{"count":1,"href":"https:\/\/zonaroja.com.mx\/index.php?rest_route=\/wp\/v2\/posts\/36243\/revisions"}],"predecessor-version":[{"id":36245,"href":"https:\/\/zonaroja.com.mx\/index.php?rest_route=\/wp\/v2\/posts\/36243\/revisions\/36245"}],"wp:featuredmedia":[{"embeddable":true,"href":"https:\/\/zonaroja.com.mx\/index.php?rest_route=\/wp\/v2\/media\/36244"}],"wp:attachment":[{"href":"https:\/\/zonaroja.com.mx\/index.php?rest_route=%2Fwp%2Fv2%2Fmedia&parent=36243"}],"wp:term":[{"taxonomy":"category","embeddable":true,"href":"https:\/\/zonaroja.com.mx\/index.php?rest_route=%2Fwp%2Fv2%2Fcategories&post=36243"},{"taxonomy":"post_tag","embeddable":true,"href":"https:\/\/zonaroja.com.mx\/index.php?rest_route=%2Fwp%2Fv2%2Ftags&post=36243"}],"curies":[{"name":"wp","href":"https:\/\/api.w.org\/{rel}","templated":true}]}}