{"id":36257,"date":"2022-01-08T20:10:01","date_gmt":"2022-01-09T02:10:01","guid":{"rendered":"https:\/\/www.zonaroja.com.mx\/?p=36257"},"modified":"2022-01-08T20:14:20","modified_gmt":"2022-01-09T02:14:20","slug":"inflacion-cerro-2021-en-7-36-el-mayor-nivel-en-21-anos-inegi","status":"publish","type":"post","link":"https:\/\/zonaroja.com.mx\/?p=36257","title":{"rendered":"Inflaci\u00f3n cerr\u00f3 2021 en 7.36%, el mayor nivel en 21 a\u00f1os: Inegi"},"content":{"rendered":"\n<p>Redacci\u00f3n\/Zona Roja Cdmx.<\/p>\n\n\n\n<p>Ciudad de M\u00e9xico, 8 de enero de 2022.- La inflaci\u00f3n anual de 2021 fue de 7.36 por ciento, el mayor nivel observado en 21 a\u00f1os, lejos del objetivo del Banco de M\u00e9xico (BdeM), inform\u00f3 ayer el Instituto Nacional de Estad\u00edstica y Geograf\u00eda (Inegi).<\/p>\n\n\n\n<p>En particular, durante diciembre el \u00cdndice Nacional de Precios al Consumidor mostr\u00f3 un incremento de 0.35 por ciento, favorecido por bajas en precios de productos de alto consumo como jitomate, tomate verde, chile serrano y el gas licuado de petr\u00f3leo, combustible que se utiliza en ocho de cada 10 hogares del pa\u00eds.<\/p>\n\n\n\n<p>En la minuta de la m\u00e1s reciente reuni\u00f3n de pol\u00edtica monetaria del Banco de M\u00e9xico, publicada el jueves, todos los integrantes de la junta de gobierno indicaron que las presiones inflacionarias globales e internas contin\u00faan afectando tanto a la inflaci\u00f3n general como a la subyacente, seg\u00fan el documento. <\/p>\n\n\n\n<p>\u201cLa mayor\u00eda indic\u00f3 que, debido a la profunda integraci\u00f3n econ\u00f3mica con Estados Unidos, la mayor inflaci\u00f3n en ese pa\u00eds ha contribuido al repunte en M\u00e9xico\u201d, abund\u00f3.<\/p>\n\n\n\n<p>La inflaci\u00f3n anual en el pa\u00eds a\u00fan se mantuvo como la m\u00e1s alta en 21 a\u00f1os, aunque interrumpi\u00f3 una racha de tres alzas consecutivas en igual n\u00famero de quincenas.<\/p>\n\n\n\n<p>El dato se ubic\u00f3 por fuera del objetivo del margen del BdeM, que fue de 3 por ciento, con una variaci\u00f3n de un punto porcentual hacia arriba o hacia abajo.<\/p>\n\n\n\n<p>\u201cLa inflaci\u00f3n para fin de a\u00f1o fue de 7.36 por ciento, marginalmente menor a la de 7.37 por ciento de noviembre y por debajo de la expectativa. Sin embargo, no es buena noticia, ya que la subyacente \u2013que no incorpora los precios m\u00e1s vol\u00e1tiles, como verduras y combustibles\u2013 sigue al alza, llegando a 5.94 por ciento, se\u00f1al de la persistencia de un problema m\u00e1s inercial y hasta estructural\u201d, dijo Jonathan Heath, subgobernador del BdeM, en su cuenta de Twitter.<\/p>\n\n\n\n<p>\u201cUno de los componentes del \u00edndice de precios que m\u00e1s preocupa es el de los precios de las mercanc\u00edas alimenticias, que termin\u00f3 el a\u00f1o con un incremento de 8.11 por ciento\u201d, agreg\u00f3.<\/p>\n\n\n\n<p>\u201cParte del problema han sido los aumentos en precios de los insumos ante disrupciones en cadenas de suministro. Esto se puede apreciar al observar que los precios-productor de bienes intermedios de las actividades secundarias aumentaron 19.36 por ciento en el a\u00f1o\u201d, destac\u00f3 en otro mensaje.<\/p>\n\n\n\n<p>La inflaci\u00f3n no subyacente, que incluye los precios m\u00e1s vol\u00e1tiles, retrocedi\u00f3 0.90 por ciento a tasa mensual debido a las reducciones de 0.08 por ciento de los productos agropecuarios y 1.56 por ciento de los energ\u00e9ticos y tarifas autorizadas por el gobierno. Sin embargo, la tasa anual mostr\u00f3 un alza de 11.74 por ciento.<\/p>\n\n\n\n<p>El \u00edndice subyacente mostr\u00f3 un aumento de 0.80 por ciento respecto del mes inmediato anterior, luego de que los precios de las mercanc\u00edas subieron 0.91 por ciento a tasa mensual y los servicios 0.68 por ciento. En comparaci\u00f3n con el mismo periodo del a\u00f1o pasado, ese sub\u00edndice avanz\u00f3 5.94 por ciento.<\/p>\n\n\n\n<p>(Informaci\u00f3n del diario \u201cLa Jornada\u201d) <\/p>\n","protected":false},"excerpt":{"rendered":"<p>Redacci\u00f3n\/Zona Roja Cdmx. Ciudad de M\u00e9xico, 8 de enero de 2022.- La inflaci\u00f3n anual de&hellip;<\/p>\n","protected":false},"author":2,"featured_media":15555,"comment_status":"closed","ping_status":"open","sticky":false,"template":"","format":"standard","meta":{"_lmt_disableupdate":"","_lmt_disable":"","_jetpack_memberships_contains_paid_content":false,"footnotes":""},"categories":[109,47],"tags":[],"class_list":["post-36257","post","type-post","status-publish","format-standard","has-post-thumbnail","hentry","category-minuto-a-minuto","category-zona-gris"],"jetpack_featured_media_url":"https:\/\/zonaroja.com.mx\/wp-content\/uploads\/2020\/07\/Canasta-b\u00e1sica.jpg","jetpack_sharing_enabled":true,"_links":{"self":[{"href":"https:\/\/zonaroja.com.mx\/index.php?rest_route=\/wp\/v2\/posts\/36257","targetHints":{"allow":["GET"]}}],"collection":[{"href":"https:\/\/zonaroja.com.mx\/index.php?rest_route=\/wp\/v2\/posts"}],"about":[{"href":"https:\/\/zonaroja.com.mx\/index.php?rest_route=\/wp\/v2\/types\/post"}],"author":[{"embeddable":true,"href":"https:\/\/zonaroja.com.mx\/index.php?rest_route=\/wp\/v2\/users\/2"}],"replies":[{"embeddable":true,"href":"https:\/\/zonaroja.com.mx\/index.php?rest_route=%2Fwp%2Fv2%2Fcomments&post=36257"}],"version-history":[{"count":1,"href":"https:\/\/zonaroja.com.mx\/index.php?rest_route=\/wp\/v2\/posts\/36257\/revisions"}],"predecessor-version":[{"id":36258,"href":"https:\/\/zonaroja.com.mx\/index.php?rest_route=\/wp\/v2\/posts\/36257\/revisions\/36258"}],"wp:featuredmedia":[{"embeddable":true,"href":"https:\/\/zonaroja.com.mx\/index.php?rest_route=\/wp\/v2\/media\/15555"}],"wp:attachment":[{"href":"https:\/\/zonaroja.com.mx\/index.php?rest_route=%2Fwp%2Fv2%2Fmedia&parent=36257"}],"wp:term":[{"taxonomy":"category","embeddable":true,"href":"https:\/\/zonaroja.com.mx\/index.php?rest_route=%2Fwp%2Fv2%2Fcategories&post=36257"},{"taxonomy":"post_tag","embeddable":true,"href":"https:\/\/zonaroja.com.mx\/index.php?rest_route=%2Fwp%2Fv2%2Ftags&post=36257"}],"curies":[{"name":"wp","href":"https:\/\/api.w.org\/{rel}","templated":true}]}}