{"id":36264,"date":"2022-01-09T06:47:57","date_gmt":"2022-01-09T12:47:57","guid":{"rendered":"http:\/\/www.zonaroja.com.mx\/?p=36264"},"modified":"2022-01-09T06:48:00","modified_gmt":"2022-01-09T12:48:00","slug":"adolescentes-ninas-y-ninos-entre-los-primeros-desaparecidos-en-2022","status":"publish","type":"post","link":"https:\/\/zonaroja.com.mx\/?p=36264","title":{"rendered":"Adolescentes, ni\u00f1as y ni\u00f1os, entre los primeros desaparecidos en 2022"},"content":{"rendered":"\n<p>Yuridiana Sosa\/Zona Roja.<\/p>\n\n\n\n<p>Oaxaca de Ju\u00e1rez, Oax., 9 de enero de 2022.- En el transcurso de los primeros d\u00edas del a\u00f1o 2022, una decena de personas han sido reportadas como desaparecidas en Oaxaca, entre las que se encuentran mujeres j\u00f3venes, adolescentes e infantes menores de 10 a\u00f1os.<\/p>\n\n\n\n<p>La Unidad de B\u00fasqueda de Personas Desaparecidas y No Localizadas, dependiente de la Fiscal\u00eda General del Estado, report\u00f3 este s\u00e1bado la ficha para encontrar a Yesica S\u00e1nchez Garc\u00eda, de 14 a\u00f1os, vista por \u00faltima vez el pasado 6 de enero, en la comunidad de Santa Ana, de Constancia del Rosario, del distrito de Putla.<\/p>\n\n\n\n<p>Lorena Lara Camacho de 32 a\u00f1os, tambi\u00e9n se encuentra desaparecida desde el pasado 19 de diciembre en San Luis Amatl\u00e1n, pero su ficha fue compartida durante el primer mes del a\u00f1o.<\/p>\n\n\n\n<p>Las autoridades y familiares tambi\u00e9n realizan la b\u00fasqueda para localizar a Silvia Mart\u00ednez Guzm\u00e1n de 30 a\u00f1os, a quien se le vio por \u00faltima vez en El Tejoruco de Putla Guerrero el pasado 30 de diciembre.<\/p>\n\n\n\n<p>Junto con ella tambi\u00e9n desaparecieron sus dos menores hijos de nombre Alison Valeria y \u00c1ngel David Reyes Mart\u00ednez, de ocho y seis a\u00f1os, respectivamente.<\/p>\n\n\n\n<p>Otro caso de desaparici\u00f3n de un menor de edad se registr\u00f3 en el municipio de Loma Bonita, en la regi\u00f3n de la Cuenca, donde el peque\u00f1o Axel Andr\u00e9s Cruz Jose, de nueve meses fue visto por \u00faltima vez el pasado 1 de enero en compa\u00f1\u00eda de su padre Juan Andr\u00e9s Cruz Mart\u00ednez.<\/p>\n\n\n\n<p>Ang\u00e9lica Velasco Rojas, de 38 a\u00f1os de edad, tambi\u00e9n fue reportada como no localizada durante los primeros d\u00edas de enero, lamentablemente su cuerpo fue localizado sin vida este 8 de enero en la agencia municipal de Santa Rosa Panzacola, en Oaxaca de Ju\u00e1rez, mismo lugar donde fue vista por \u00faltima vez.<\/p>\n\n\n\n<p>La situaci\u00f3n es similar en el caso de la desaparici\u00f3n de Alexis Yusef Santos L\u00f3pez, de tres a\u00f1os de edad, quien fue visto por vez \u00faltima el pasado 6 de enero en Santiago Juxtlahuaca y quien estaba acompa\u00f1ado de su progenitor Yaimsha Daymaku Santos Izquierdo.<\/p>\n\n\n\n<p>HOMBRES DESAPARECIDOS<\/p>\n\n\n\n<p>Las autoridades de la Fiscal\u00eda General de Oaxaca emitieron fichas de b\u00fasqueda para localizar al joven Tonatiuh Ni\u00f1o P\u00e9rez, de 23 a\u00f1os, quien desapareci\u00f3 el pasado 3 de enero en la colonia Linda Vista de la capital del estado.<\/p>\n\n\n\n<p>Desde el pasado 3 de enero tambi\u00e9n se busca a Esteban Garc\u00eda Mej\u00eda de 54 a\u00f1os, pero de quien se desconoce el lugar donde se le vio por \u00faltima vez.<\/p>\n\n\n\n<p>Tambi\u00e9n se abri\u00f3 el caso de Ricardo Ferra Flores, de 51 a\u00f1os, visto desde el pasado 4 de enero en el municipio de Salina Cruz y de Eduardo Iv\u00e1n de los Santos D\u00edaz, de 40 a\u00f1os, visto por \u00faltima vez desde el 20 diciembre en San Pedro Tapanatepec.<\/p>\n","protected":false},"excerpt":{"rendered":"<p>Yuridiana Sosa\/Zona Roja. Oaxaca de Ju\u00e1rez, Oax., 9 de enero de 2022.- En el transcurso&hellip;<\/p>\n","protected":false},"author":2,"featured_media":36265,"comment_status":"closed","ping_status":"open","sticky":false,"template":"","format":"standard","meta":{"_lmt_disableupdate":"","_lmt_disable":"","_jetpack_memberships_contains_paid_content":false,"footnotes":""},"categories":[109,47],"tags":[455],"class_list":["post-36264","post","type-post","status-publish","format-standard","has-post-thumbnail","hentry","category-minuto-a-minuto","category-zona-gris","tag-mujeres-desaparecidas-oaxaca"],"jetpack_featured_media_url":"https:\/\/zonaroja.com.mx\/wp-content\/uploads\/2022\/01\/Desaparecidas-Oaxaca.jpg","jetpack_sharing_enabled":true,"_links":{"self":[{"href":"https:\/\/zonaroja.com.mx\/index.php?rest_route=\/wp\/v2\/posts\/36264","targetHints":{"allow":["GET"]}}],"collection":[{"href":"https:\/\/zonaroja.com.mx\/index.php?rest_route=\/wp\/v2\/posts"}],"about":[{"href":"https:\/\/zonaroja.com.mx\/index.php?rest_route=\/wp\/v2\/types\/post"}],"author":[{"embeddable":true,"href":"https:\/\/zonaroja.com.mx\/index.php?rest_route=\/wp\/v2\/users\/2"}],"replies":[{"embeddable":true,"href":"https:\/\/zonaroja.com.mx\/index.php?rest_route=%2Fwp%2Fv2%2Fcomments&post=36264"}],"version-history":[{"count":1,"href":"https:\/\/zonaroja.com.mx\/index.php?rest_route=\/wp\/v2\/posts\/36264\/revisions"}],"predecessor-version":[{"id":36266,"href":"https:\/\/zonaroja.com.mx\/index.php?rest_route=\/wp\/v2\/posts\/36264\/revisions\/36266"}],"wp:featuredmedia":[{"embeddable":true,"href":"https:\/\/zonaroja.com.mx\/index.php?rest_route=\/wp\/v2\/media\/36265"}],"wp:attachment":[{"href":"https:\/\/zonaroja.com.mx\/index.php?rest_route=%2Fwp%2Fv2%2Fmedia&parent=36264"}],"wp:term":[{"taxonomy":"category","embeddable":true,"href":"https:\/\/zonaroja.com.mx\/index.php?rest_route=%2Fwp%2Fv2%2Fcategories&post=36264"},{"taxonomy":"post_tag","embeddable":true,"href":"https:\/\/zonaroja.com.mx\/index.php?rest_route=%2Fwp%2Fv2%2Ftags&post=36264"}],"curies":[{"name":"wp","href":"https:\/\/api.w.org\/{rel}","templated":true}]}}