{"id":3627,"date":"2019-09-03T06:49:04","date_gmt":"2019-09-03T11:49:04","guid":{"rendered":"http:\/\/www.zonaroja.com.mx\/?p=3627"},"modified":"2019-09-03T06:49:07","modified_gmt":"2019-09-03T11:49:07","slug":"arde-morelos-13-asesinatos-en-fin-de-semana-ayer-5-ejecutados-en-central-camionera","status":"publish","type":"post","link":"https:\/\/zonaroja.com.mx\/?p=3627","title":{"rendered":"Arde Morelos: 13 asesinatos en fin de semana; ayer 5 ejecutados en central camionera"},"content":{"rendered":"\n<p>Redacci\u00f3n\/Zona\nRoja Cdmx.<\/p>\n\n\n\n<p>Ciudad de\nM\u00e9xico, 3 de septiembre de 2019.- Al menos 13 personas fueron asesinadas el fin\nde semana en el estado de Morelos, cifra a la que se le agrega cinco personas\nultimadas a balazos en una terminal de autobuses.<\/p>\n\n\n\n<p>Este lunes, un\ngrupo armado irrumpi\u00f3 en la central de la l\u00ednea \u201cEstrella de Oro\u201d, en\nCuernavaca, y asesin\u00f3 a cinco personas, entre ellas un menor y dej\u00f3 herida de\ngravedad a un joven; la mayor\u00eda de las v\u00edctimas son originarias del estado de\nGuerrero.<\/p>\n\n\n\n<p>El\ngobernador Cuauht\u00e9moc Blanco Bravo atribuy\u00f3 el atentado y los recientes hechos\nviolentos en el estado a la aprehensi\u00f3n hace un mes, en territorio guerrerense,\nde Santiago Mazari, alias \u201cEl Carrete\u201d, jefe de la organizaci\u00f3n criminal \u201cLos\nRojos\u201d.<\/p>\n\n\n\n<p>De acuerdo\ncon la Comisi\u00f3n Estatal de Seguridad, el veh\u00edculo en el que se trasladaban los\nagresores se estacion\u00f3 afuera de la estaci\u00f3n de autobuses, ubicada en la\navenida Morelos Sur, colonia Las Palmas, durante la madrugada, alrededor de las\n04:40 horas.<\/p>\n\n\n\n<p>Dicha\ncentral camionera se ubica a unas cuadras del ayuntamiento que preside el\nalcalde Antonio Villalobos Ad\u00e1n y del palacio del Gobierno del Estado,\nencabezado por Blanco Bravo.<\/p>\n\n\n\n<p>Agreg\u00f3 que\ndos de las v\u00edctimas mortales fueron identificadas como Gabriel N., de 37 a\u00f1os\nde edad, y un adolescente de 17 a\u00f1os, ambos originarios de Iguala, Guerrero, y\nde acuerdo con un familiar, resid\u00edan en la Ciudad de M\u00e9xico. Hasta el momento\nse desconoce el m\u00f3vil del crimen.<\/p>\n\n\n\n<p>La Fiscal\u00eda\nGeneral del Estado (FGE) report\u00f3 que personal del Servicio M\u00e9dico Forense\nlevant\u00f3 los cuerpos alrededor de las 08:00 horas.<\/p>\n\n\n\n<p>Precis\u00f3 que\nlos cad\u00e1veres de tres personas quedaron en el \u00e1rea de estacionamiento, uno en\nla entrada de la terminal y otro, que al parecer intent\u00f3 huir, en la zona de\nandenes. El herido, un hombre de 21 a\u00f1os, oriundo de la comunidad de Mayanal\u00e1n,\nGuerrero, fue trasladado a un hospital para recibir atenci\u00f3n m\u00e9dica.<\/p>\n\n\n\n<p>Seg\u00fan la\nindagatoria de la FGE, los agresores se encontraban en el exterior de la\nterminal de autobuses y al arribar los pasajeros a la zona habr\u00edan accionado\nsus armas de fuego. <\/p>\n\n\n\n<p>Por el\natentado, \u201cEstrella de Oro\u201d suspendi\u00f3 actividades en esa terminal y por\nconsiguiente las corridas, principalmente hacia el puerto de Acapulco,\nChilpancingo, Iguala y Arcelia, Guerrero.<\/p>\n\n\n\n<p>Durante el\npasado fin de semana &#8211;viernes, s\u00e1bado y domingo&#8211; en Morelos se documentaron\n13 asesinatos en diferentes hechos violentos y en distintos municipios.<\/p>\n\n\n\n<p>En los\nprimeros 10 meses de la administraci\u00f3n de Blanco Bravo, de octubre de 2018 a\njulio de 2019, se incrementaron 21.36 por ciento los homicidios en el estado,\nen comparaci\u00f3n con el mismo periodo del \u00faltimo a\u00f1o de la administraci\u00f3n pasada.<\/p>\n\n\n\n<p>De octubre\nde 2018 a julio del 2019 se contabilizaron 943 asesinatos y de octubre de 2017\na julio de 2018 sumaron 777, seg\u00fan datos del Secretariado Ejecutivo del Sistema\nNacional de Seguridad P\u00fablica.<\/p>\n","protected":false},"excerpt":{"rendered":"<p>Redacci\u00f3n\/Zona Roja Cdmx. Ciudad de M\u00e9xico, 3 de septiembre de 2019.- Al menos 13 personas&hellip;<\/p>\n","protected":false},"author":2,"featured_media":3628,"comment_status":"closed","ping_status":"open","sticky":false,"template":"","format":"standard","meta":{"_lmt_disableupdate":"","_lmt_disable":"","_jetpack_memberships_contains_paid_content":false,"footnotes":""},"categories":[109,51],"tags":[658],"class_list":["post-3627","post","type-post","status-publish","format-standard","has-post-thumbnail","hentry","category-minuto-a-minuto","category-zona-roja","tag-cuernavaca-morelos"],"jetpack_featured_media_url":"https:\/\/zonaroja.com.mx\/wp-content\/uploads\/2019\/09\/Terminal-Morelos.jpg","jetpack_sharing_enabled":true,"_links":{"self":[{"href":"https:\/\/zonaroja.com.mx\/index.php?rest_route=\/wp\/v2\/posts\/3627","targetHints":{"allow":["GET"]}}],"collection":[{"href":"https:\/\/zonaroja.com.mx\/index.php?rest_route=\/wp\/v2\/posts"}],"about":[{"href":"https:\/\/zonaroja.com.mx\/index.php?rest_route=\/wp\/v2\/types\/post"}],"author":[{"embeddable":true,"href":"https:\/\/zonaroja.com.mx\/index.php?rest_route=\/wp\/v2\/users\/2"}],"replies":[{"embeddable":true,"href":"https:\/\/zonaroja.com.mx\/index.php?rest_route=%2Fwp%2Fv2%2Fcomments&post=3627"}],"version-history":[{"count":1,"href":"https:\/\/zonaroja.com.mx\/index.php?rest_route=\/wp\/v2\/posts\/3627\/revisions"}],"predecessor-version":[{"id":3629,"href":"https:\/\/zonaroja.com.mx\/index.php?rest_route=\/wp\/v2\/posts\/3627\/revisions\/3629"}],"wp:featuredmedia":[{"embeddable":true,"href":"https:\/\/zonaroja.com.mx\/index.php?rest_route=\/wp\/v2\/media\/3628"}],"wp:attachment":[{"href":"https:\/\/zonaroja.com.mx\/index.php?rest_route=%2Fwp%2Fv2%2Fmedia&parent=3627"}],"wp:term":[{"taxonomy":"category","embeddable":true,"href":"https:\/\/zonaroja.com.mx\/index.php?rest_route=%2Fwp%2Fv2%2Fcategories&post=3627"},{"taxonomy":"post_tag","embeddable":true,"href":"https:\/\/zonaroja.com.mx\/index.php?rest_route=%2Fwp%2Fv2%2Ftags&post=3627"}],"curies":[{"name":"wp","href":"https:\/\/api.w.org\/{rel}","templated":true}]}}