{"id":36270,"date":"2022-01-09T10:13:00","date_gmt":"2022-01-09T16:13:00","guid":{"rendered":"http:\/\/www.zonaroja.com.mx\/?p=36270"},"modified":"2022-01-09T07:48:54","modified_gmt":"2022-01-09T13:48:54","slug":"exigen-protocolo-especializado-para-feminicidio-infantil-en-oaxaca","status":"publish","type":"post","link":"https:\/\/zonaroja.com.mx\/?p=36270","title":{"rendered":"Exigen protocolo especializado para feminicidio infantil en Oaxaca"},"content":{"rendered":"\n<p>Yuridiana Sosa\/Zona Roja.<\/p>\n\n\n\n<p>Oaxaca de Ju\u00e1rez, Oax., 9 de enero de 2021.- La incesante violencia feminicida en Oaxaca alcanz\u00f3 a las ni\u00f1as y adolescentes, de quienes se registra un alto nivel de cr\u00edmenes en las regiones de la Mixteca, Costa, Cuenca y Valles Centrales, de acuerdo a Grupo de Estudios sobre la mujer \u201cRosario Castellanos\u201d.<\/p>\n\n\n\n<p>Seg\u00fan el banco de datos de la asociaci\u00f3n civil, en los \u00faltimos cinco a\u00f1os en la entidad se han cometido 582 asesinatos violentos de mujeres, de los cuales al menos 58 fueron de menores de edad, es decir, el 10%.<\/p>\n\n\n\n<p>En estas zonas de Oaxaca se concentra el 69 por ciento de los feminicidios infantiles, detall\u00f3 GES Mujer, quien en su reporte expuso que el 21 por ciento de los hechos se registraron en municipios de la Mixteca, el 17 por ciento en la Costa y Cuenca del Papaloapan y el 14 por ciento en la zona centro del estado.<\/p>\n\n\n\n<p>Pero la cifra de estos hechos podr\u00eda ser mayor, por lo que la asociaci\u00f3n defensora urgi\u00f3 a las autoridades y versos organismos a realizar un mapeo de los delitos cometidos en contra de las ni\u00f1as y las adolescentes, tanto de feminicidios como de homicidios culposos, pues a la falta de protocolos podr\u00eda quedar oculta una violencia feminicida.<\/p>\n\n\n\n<p>GES Mujer exige a las autoridades del estado los protocolos especializados en la investigaci\u00f3n del delito de feminicidio, el cual debe atender la violencia feminicida de las ni\u00f1as y adolescentes, con enfoque de g\u00e9nero contemple la condici\u00f3n de edad, pues urge visibilizar esta problem\u00e1tica a fin de generar acciones de alto impacto para su prevenci\u00f3n, atenci\u00f3n y erradicaci\u00f3n.<\/p>\n\n\n\n<p>El Grupo de Estudios ha detectado que lamentablemente el 24 por ciento de los feminicidios infantiles se cometieron en casa, lo que confirma que los niveles de violencia en el hogar crecen en frecuencia y letalidad cuando no se identifican y detienen a tiempo.<\/p>\n\n\n\n<p>Adem\u00e1s de esta creciente violencia hacia las ni\u00f1as, se report\u00f3 que sus asesinatos se cometieron en un 53 por ciento con el uso de armas de fuego.<\/p>\n\n\n\n<p>Ante esta situaci\u00f3n, GES Mujer se\u00f1al\u00f3 que esta realidad deja en evidencia la falta de control de armas de fuego y carencia en la investigaci\u00f3n para determinar el tipo de armas utilizadas.<\/p>\n\n\n\n<p>En tanto que otras formas violentas e inhumanas de acabar con sus vidas fue por golpes, arma punzocortante y degollamiento en un nueve por ciento de los casos; por asfixia o estrangulamiento un ocho por ciento.<\/p>\n","protected":false},"excerpt":{"rendered":"<p>Yuridiana Sosa\/Zona Roja. Oaxaca de Ju\u00e1rez, Oax., 9 de enero de 2021.- La incesante violencia&hellip;<\/p>\n","protected":false},"author":2,"featured_media":31163,"comment_status":"closed","ping_status":"open","sticky":false,"template":"","format":"standard","meta":{"_lmt_disableupdate":"","_lmt_disable":"","_jetpack_memberships_contains_paid_content":false,"footnotes":""},"categories":[109,47],"tags":[610],"class_list":["post-36270","post","type-post","status-publish","format-standard","has-post-thumbnail","hentry","category-minuto-a-minuto","category-zona-gris","tag-feminicidios-oaxaca"],"jetpack_featured_media_url":"https:\/\/zonaroja.com.mx\/wp-content\/uploads\/2021\/08\/Violencia-maltrato-infantil.jpg","jetpack_sharing_enabled":true,"_links":{"self":[{"href":"https:\/\/zonaroja.com.mx\/index.php?rest_route=\/wp\/v2\/posts\/36270","targetHints":{"allow":["GET"]}}],"collection":[{"href":"https:\/\/zonaroja.com.mx\/index.php?rest_route=\/wp\/v2\/posts"}],"about":[{"href":"https:\/\/zonaroja.com.mx\/index.php?rest_route=\/wp\/v2\/types\/post"}],"author":[{"embeddable":true,"href":"https:\/\/zonaroja.com.mx\/index.php?rest_route=\/wp\/v2\/users\/2"}],"replies":[{"embeddable":true,"href":"https:\/\/zonaroja.com.mx\/index.php?rest_route=%2Fwp%2Fv2%2Fcomments&post=36270"}],"version-history":[{"count":1,"href":"https:\/\/zonaroja.com.mx\/index.php?rest_route=\/wp\/v2\/posts\/36270\/revisions"}],"predecessor-version":[{"id":36271,"href":"https:\/\/zonaroja.com.mx\/index.php?rest_route=\/wp\/v2\/posts\/36270\/revisions\/36271"}],"wp:featuredmedia":[{"embeddable":true,"href":"https:\/\/zonaroja.com.mx\/index.php?rest_route=\/wp\/v2\/media\/31163"}],"wp:attachment":[{"href":"https:\/\/zonaroja.com.mx\/index.php?rest_route=%2Fwp%2Fv2%2Fmedia&parent=36270"}],"wp:term":[{"taxonomy":"category","embeddable":true,"href":"https:\/\/zonaroja.com.mx\/index.php?rest_route=%2Fwp%2Fv2%2Fcategories&post=36270"},{"taxonomy":"post_tag","embeddable":true,"href":"https:\/\/zonaroja.com.mx\/index.php?rest_route=%2Fwp%2Fv2%2Ftags&post=36270"}],"curies":[{"name":"wp","href":"https:\/\/api.w.org\/{rel}","templated":true}]}}