{"id":36280,"date":"2022-01-09T15:14:12","date_gmt":"2022-01-09T21:14:12","guid":{"rendered":"http:\/\/www.zonaroja.com.mx\/?p=36280"},"modified":"2022-01-09T15:14:16","modified_gmt":"2022-01-09T21:14:16","slug":"inicia-martinez-neri-tequios-en-la-capital-de-oaxaca","status":"publish","type":"post","link":"https:\/\/zonaroja.com.mx\/?p=36280","title":{"rendered":"Inicia Mart\u00ednez Neri tequios en la capital de Oaxaca"},"content":{"rendered":"\n<p>Redacci\u00f3n\/Zona roja.<\/p>\n\n\n\n<p>Oaxaca de Ju\u00e1rez, Oax., 9 de enero de 2022.- El presidente municipal de Oaxaca de Ju\u00e1rez, Francisco Mart\u00ednez Neri, inici\u00f3 la ma\u00f1ana de este domingo un tequio junto con los vecinos, en la agencia de Santa Rosa Panzacola.<\/p>\n\n\n\n<p>Con esta actividad se repara la calle 13 de Septiembre. que une a las colonias La Soledad y Ni\u00f1o Artillero.<\/p>\n\n\n\n<p>Lo fundamental es que sirve de camino para que las ni\u00f1as y ni\u00f1os de dicha demarcaci\u00f3n, asistan a clases presenciales el d\u00eda de ma\u00f1ana, tanto en preescolar como en primaria, informaron las autoridades.<\/p>\n\n\n\n<p>En el tequio particip\u00f3 la S\u00edndica Procuradora del ayuntamiento, Nancy Bel\u00e9m Mota Figueroa, y con lo cual se rescata la costumbre ancestral del trabajo comunitario para \u00bb limpiar y tener en orden nuestra gran casa que es Oaxaca\u00bb, tal y como lo concibe el edil capitalino, dentro del concepto de Ciudad Educadora.<\/p>\n\n\n\n<p>Cabe mencionar que el primer concejal sostendr\u00e1 un di\u00e1logo directo con los Comit\u00e9s de Viva Vecinal (Comvives) de las colonias La Soledad, Bugambilias, Solidaridad, Heladio Ram\u00edrez L\u00f3pez, Emiliano Zapata y Ni\u00f1o Artillero.<\/p>\n\n\n\n<p>De la misma manera, en este d\u00eda, tambi\u00e9n se repartir\u00e1n juguetes a las ni\u00f1as y ni\u00f1os de las colonias se\u00f1aladas<\/p>\n\n\n\n<p>INAUGURAN EXPOSICI\u00d3N<\/p>\n\n\n\n<p>Minutos despu\u00e9s, el edil capitalino presidi\u00f3 en la Alameda de Le\u00f3n la inauguraci\u00f3n de una exposici\u00f3n sobre la Tumba 7 de la Zona Arqueol\u00f3gica de Monte Alb\u00e1n.<\/p>\n\n\n\n<p>Acompa\u00f1ado de la responsable de Turismo y Cultura, Adriana Aguilar Escobar, Mart\u00ednez Neri continu\u00f3 de esta manera con la conmemoraci\u00f3n por el 90 aniversario de este descubrimiento, para honrar el legado de los ancestros.<\/p>\n","protected":false},"excerpt":{"rendered":"<p>Redacci\u00f3n\/Zona roja. Oaxaca de Ju\u00e1rez, Oax., 9 de enero de 2022.- El presidente municipal de&hellip;<\/p>\n","protected":false},"author":2,"featured_media":36281,"comment_status":"closed","ping_status":"open","sticky":false,"template":"","format":"standard","meta":{"_lmt_disableupdate":"","_lmt_disable":"","_jetpack_memberships_contains_paid_content":false,"footnotes":""},"categories":[109,46],"tags":[2418],"class_list":["post-36280","post","type-post","status-publish","format-standard","has-post-thumbnail","hentry","category-minuto-a-minuto","category-zona-blanca","tag-francisco-martinez-neri"],"jetpack_featured_media_url":"https:\/\/zonaroja.com.mx\/wp-content\/uploads\/2022\/01\/Martinez-Neri-tequio-Santa-Rosa.jpeg","jetpack_sharing_enabled":true,"_links":{"self":[{"href":"https:\/\/zonaroja.com.mx\/index.php?rest_route=\/wp\/v2\/posts\/36280","targetHints":{"allow":["GET"]}}],"collection":[{"href":"https:\/\/zonaroja.com.mx\/index.php?rest_route=\/wp\/v2\/posts"}],"about":[{"href":"https:\/\/zonaroja.com.mx\/index.php?rest_route=\/wp\/v2\/types\/post"}],"author":[{"embeddable":true,"href":"https:\/\/zonaroja.com.mx\/index.php?rest_route=\/wp\/v2\/users\/2"}],"replies":[{"embeddable":true,"href":"https:\/\/zonaroja.com.mx\/index.php?rest_route=%2Fwp%2Fv2%2Fcomments&post=36280"}],"version-history":[{"count":1,"href":"https:\/\/zonaroja.com.mx\/index.php?rest_route=\/wp\/v2\/posts\/36280\/revisions"}],"predecessor-version":[{"id":36282,"href":"https:\/\/zonaroja.com.mx\/index.php?rest_route=\/wp\/v2\/posts\/36280\/revisions\/36282"}],"wp:featuredmedia":[{"embeddable":true,"href":"https:\/\/zonaroja.com.mx\/index.php?rest_route=\/wp\/v2\/media\/36281"}],"wp:attachment":[{"href":"https:\/\/zonaroja.com.mx\/index.php?rest_route=%2Fwp%2Fv2%2Fmedia&parent=36280"}],"wp:term":[{"taxonomy":"category","embeddable":true,"href":"https:\/\/zonaroja.com.mx\/index.php?rest_route=%2Fwp%2Fv2%2Fcategories&post=36280"},{"taxonomy":"post_tag","embeddable":true,"href":"https:\/\/zonaroja.com.mx\/index.php?rest_route=%2Fwp%2Fv2%2Ftags&post=36280"}],"curies":[{"name":"wp","href":"https:\/\/api.w.org\/{rel}","templated":true}]}}