{"id":36287,"date":"2022-01-09T16:50:57","date_gmt":"2022-01-09T22:50:57","guid":{"rendered":"https:\/\/www.zonaroja.com.mx\/?p=36287"},"modified":"2022-01-09T21:40:59","modified_gmt":"2022-01-10T03:40:59","slug":"giran-ordenes-de-aprehension-contra-garcia-luna-cardenas-palomino-y-el-chapo-por-operativo-rapido-y-furioso","status":"publish","type":"post","link":"https:\/\/zonaroja.com.mx\/?p=36287","title":{"rendered":"Giran \u00f3rdenes de aprehensi\u00f3n contra Garc\u00eda Luna, C\u00e1rdenas Palomino y \u201cEl Chapo\u201c, por operativo \u201cR\u00e1pido y Furioso\u201d"},"content":{"rendered":"\n<p>Redacci\u00f3n\/Zona Roja Cdmx.<\/p>\n\n\n\n<p>Ciudad de M\u00e9xico, 9 de enero de 2022.- La Fiscal\u00eda General de la Rep\u00fablica (FGR), obtuvo de un Juez de Distrito \u00f3rdenes de aprehensi\u00f3n en contra de siete personas, por su participaci\u00f3n en el caso denominado \u201cR\u00e1pido y Furioso\u201d, entre los que destacan se encuentra el narcotraficante Joaqu\u00edn \u201cEl Chapo\u201d Guzm\u00e1n, y los ex funcionarios Genaro Garc\u00eda Luna y Luis C\u00e1rdenas Palomino.<\/p>\n\n\n\n<p>La dependencia se\u00f1ala en un comunicado que la conducta criminal, tuvo por objeto traficar ilegalmente m\u00e1s de 2 mil armas de fuego de los Estados Unidos a M\u00e9xico, con el supuesto objeto de identificar a sus usuarios, lo cual es absolutamente ilegal e inadmisible.<\/p>\n\n\n\n<p>Las investigaciones en M\u00e9xico establecieron que dichas armas no solamente fueron introducidas ilegalmente al pa\u00eds, sino que tambi\u00e9n han sido utilizadas en diversos actos criminales, que ya han sido investigados y procesados en M\u00e9xico.\u201cDe conformidad con las investigaciones desarrolladas por el Departamento de Justicia de los Estados Unidos, se obtuvo la informaci\u00f3n necesaria para establecer dicho tr\u00e1fico ilegal de armas de fuego, que fueron utilizadas en diversos delitos de sangre en el pa\u00eds, desde al a\u00f1o de 2009 hasta fechas recientes\u201d, inform\u00f3 el comunicado de la fiscal\u00eda.<\/p>\n\n\n\n<p>La Fiscal\u00eda Especializada en materia de Delincuencia Organizada (FEMDO), encontr\u00f3 como presuntos responsables a el narcotraficante, Joaqu\u00edn \u201cEl Chapo\u201d, Guzm\u00e1n, l\u00edder de una organizaci\u00f3n delictiva que opera en el Pac\u00edfico y actualmente procesado en los Estados Unidos por diversos delitos contra la salud y lavado de dinero.<\/p>\n\n\n\n<p>Asimismo, se lograron las \u00f3rdenes de aprehensi\u00f3n en contra de Genaro \u201cG\u201d, ex Secretario de Seguridad P\u00fablica Federal; as\u00ed como de Luis \u201cC\u201d, Coordinador de Inteligencia de dicha Polic\u00eda; y quienes se encuentran recluidos en prisiones de alta seguridad, tanto en Estados Unidos, como en M\u00e9xico.<\/p>\n\n\n\n<p>En cuanto al exfuncionario Garc\u00eda Luna, existen ya dos \u00f3rdenes m\u00e1s de aprehensi\u00f3n dictadas por jueces mexicanos que han motivado la solicitud de extradici\u00f3n a territorio mexicano de dicho individuo, se\u00f1ala la Fiscal\u00eda.<\/p>\n\n\n\n<p>En tanto, las investigaciones desarrolladas por el Departamento de Justicia de los EU, se obtuvo la informaci\u00f3n necesaria para establecer dicho tr\u00e1fico ilegal de armas de fuego, que fueron utilizadas en diversos delitos y enfrentamientos en M\u00e9xico, que dej\u00f3 cientos de muertos, desde al a\u00f1o de 2009 hasta fechas recientes, no involucra a sus agentes.<\/p>\n\n\n\n<p>\u201cHemos sido informados que las autoridades norteamericanas se han encargado de investigar y deslindar las responsabilidades de los servidores p\u00fablicos de aquel pa\u00eds\u201d, se\u00f1ala la FGR.<\/p>\n\n\n\n<p>(Nota de Javier Divany | OEM-Informex)<\/p>\n","protected":false},"excerpt":{"rendered":"<p>Redacci\u00f3n\/Zona Roja Cdmx. Ciudad de M\u00e9xico, 9 de enero de 2022.- La Fiscal\u00eda General de&hellip;<\/p>\n","protected":false},"author":2,"featured_media":36286,"comment_status":"closed","ping_status":"open","sticky":false,"template":"","format":"standard","meta":{"_lmt_disableupdate":"","_lmt_disable":"","_jetpack_memberships_contains_paid_content":false,"footnotes":""},"categories":[109,47],"tags":[],"class_list":["post-36287","post","type-post","status-publish","format-standard","has-post-thumbnail","hentry","category-minuto-a-minuto","category-zona-gris"],"jetpack_featured_media_url":"https:\/\/zonaroja.com.mx\/wp-content\/uploads\/2022\/01\/img_4963.jpg","jetpack_sharing_enabled":true,"_links":{"self":[{"href":"https:\/\/zonaroja.com.mx\/index.php?rest_route=\/wp\/v2\/posts\/36287","targetHints":{"allow":["GET"]}}],"collection":[{"href":"https:\/\/zonaroja.com.mx\/index.php?rest_route=\/wp\/v2\/posts"}],"about":[{"href":"https:\/\/zonaroja.com.mx\/index.php?rest_route=\/wp\/v2\/types\/post"}],"author":[{"embeddable":true,"href":"https:\/\/zonaroja.com.mx\/index.php?rest_route=\/wp\/v2\/users\/2"}],"replies":[{"embeddable":true,"href":"https:\/\/zonaroja.com.mx\/index.php?rest_route=%2Fwp%2Fv2%2Fcomments&post=36287"}],"version-history":[{"count":2,"href":"https:\/\/zonaroja.com.mx\/index.php?rest_route=\/wp\/v2\/posts\/36287\/revisions"}],"predecessor-version":[{"id":36296,"href":"https:\/\/zonaroja.com.mx\/index.php?rest_route=\/wp\/v2\/posts\/36287\/revisions\/36296"}],"wp:featuredmedia":[{"embeddable":true,"href":"https:\/\/zonaroja.com.mx\/index.php?rest_route=\/wp\/v2\/media\/36286"}],"wp:attachment":[{"href":"https:\/\/zonaroja.com.mx\/index.php?rest_route=%2Fwp%2Fv2%2Fmedia&parent=36287"}],"wp:term":[{"taxonomy":"category","embeddable":true,"href":"https:\/\/zonaroja.com.mx\/index.php?rest_route=%2Fwp%2Fv2%2Fcategories&post=36287"},{"taxonomy":"post_tag","embeddable":true,"href":"https:\/\/zonaroja.com.mx\/index.php?rest_route=%2Fwp%2Fv2%2Ftags&post=36287"}],"curies":[{"name":"wp","href":"https:\/\/api.w.org\/{rel}","templated":true}]}}