{"id":36289,"date":"2022-01-09T21:20:14","date_gmt":"2022-01-10T03:20:14","guid":{"rendered":"http:\/\/www.zonaroja.com.mx\/?p=36289"},"modified":"2022-01-09T21:20:17","modified_gmt":"2022-01-10T03:20:17","slug":"en-una-semana-oaxaca-paso-de-194-a-1131-contagios-de-covid","status":"publish","type":"post","link":"https:\/\/zonaroja.com.mx\/?p=36289","title":{"rendered":"En una semana, Oaxaca pas\u00f3 de 194 a 1,131 contagios de Covid"},"content":{"rendered":"\n<p>Redacci\u00f3n\/Zona Roja.<\/p>\n\n\n\n<p>Oaxaca de Ju\u00e1rez, Oax. 9 de enero de 2022.- El estado de Oaxaca pas\u00f3 en una semana de 194 a mil 131 contagios por Covid, inform\u00f3 la dependencia Servicios de Salud de Oaxaca.<\/p>\n\n\n\n<p>El incremento de casos se dio en el lapso del 2 al 8 de enero de este a\u00f1o, en que tambi\u00e9n se registraron ocho fallecimientos a causa del virus.<\/p>\n\n\n\n<p>En un comunicado, record\u00f3 que por determinaci\u00f3n del Gobierno Federal, ma\u00f1ana la entidad inicia otras dos semanas en sem\u00e1foro epidemiol\u00f3gico color verde.<\/p>\n\n\n\n<p>Indic\u00f3 que en Oaxaca circulan 16 variantes de Covid-19, entre \u00e9stas, se encuentra la \u201c\u00d3micron\u201d, que es altamente transmisible, capaz de llegar a generar brotes comunitarios en menos tiempo.<\/p>\n\n\n\n<p>Por ello, enfatiz\u00f3 que es fundamental mantener vigentes las medidas sanitarias: usar cubrebocas, mantener la sana distancia, lavar las manos frecuentemente con agua y jab\u00f3n, evitar lugares concurridos y espacios cerrados con poca ventilaci\u00f3n, as\u00ed como vacunarse cuando corresponda, pues son acciones eficaces para mitigar la pandemia.<\/p>\n\n\n\n<p>Expuso que siguiendo la Estrategia de la Pol\u00edtica Nacional de Vacunaci\u00f3n contra el virus SARS-CoV-2 para la prevenci\u00f3n de la Covid-19 en M\u00e9xico, el 2021 cerr\u00f3 con tres millones 504 mil 940 de dosis aplicadas de las farmac\u00e9uticas AstraZeneca, Pfizer BioNTech, Sinovac y CanSino Biologics en el estado.<\/p>\n\n\n\n<p>La poblaci\u00f3n que se inmuniz\u00f3 fue: mujeres embarazadas, voluntarios, brigadistas y militares, de Petr\u00f3leos Mexicanos, personas privadas de su libertad, personal de salud y docentes de las ocho regiones y personas mayores de 18 a\u00f1os.<\/p>\n\n\n\n<p>As\u00ed como, adolescentes de 12 a 17 a\u00f1os que viven con alguna comorbilidad y de 15 a 17 a\u00f1os sin comorbilidades, de acuerdo a los nuevos lineamientos de la Pol\u00edtica Nacional de Vacunaci\u00f3n.<\/p>\n\n\n\n<figure class=\"wp-block-embed is-type-rich is-provider-twitter wp-block-embed-twitter\"><div class=\"wp-block-embed__wrapper\">\n<div class=\"twitter-tweet\"><blockquote class=\"twitter-tweet\" data-lang=\"es\"><p lang=\"es\" dir=\"ltr\"><a href=\"https:\/\/twitter.com\/hashtag\/%C3%9AltimoMinuto?src=hash&amp;ref_src=twsrc%5Etfw\">#\u00daltimoMinuto<\/a><br>Registra <a href=\"https:\/\/twitter.com\/hashtag\/Oaxaca?src=hash&amp;ref_src=twsrc%5Etfw\">#Oaxaca<\/a> este domingo 85 casos positivos y 0 decesos, informan los Servicios de Salud.<br>Se acumulan 85 mil 301 casos confirmados y 5 mil 667 fallecimientos.<br>Hay 4 nosocomios saturados; mil 89 casos activos y ocupaci\u00f3n hospitalaria promedio de 19.4%. <a href=\"https:\/\/t.co\/HWT9KCzwlS\">pic.twitter.com\/HWT9KCzwlS<\/a><\/p>&mdash; Zona Roja Oaxaca (@Zona_Roja_Oax) <a href=\"https:\/\/twitter.com\/Zona_Roja_Oax\/status\/1480374832256716802?ref_src=twsrc%5Etfw\">10 de enero de 2022<\/a><\/blockquote><\/div>\n<\/div><\/figure>\n","protected":false},"excerpt":{"rendered":"<p>Redacci\u00f3n\/Zona Roja. Oaxaca de Ju\u00e1rez, Oax. 9 de enero de 2022.- El estado de Oaxaca&hellip;<\/p>\n","protected":false},"author":2,"featured_media":36290,"comment_status":"closed","ping_status":"open","sticky":false,"template":"","format":"standard","meta":{"_lmt_disableupdate":"","_lmt_disable":"","_jetpack_memberships_contains_paid_content":false,"footnotes":""},"categories":[109,47],"tags":[1512],"class_list":["post-36289","post","type-post","status-publish","format-standard","has-post-thumbnail","hentry","category-minuto-a-minuto","category-zona-gris","tag-coronavirus-oaxaca"],"jetpack_featured_media_url":"https:\/\/zonaroja.com.mx\/wp-content\/uploads\/2022\/01\/Gente-calle-Covid-Oaxaca.jpg","jetpack_sharing_enabled":true,"_links":{"self":[{"href":"https:\/\/zonaroja.com.mx\/index.php?rest_route=\/wp\/v2\/posts\/36289","targetHints":{"allow":["GET"]}}],"collection":[{"href":"https:\/\/zonaroja.com.mx\/index.php?rest_route=\/wp\/v2\/posts"}],"about":[{"href":"https:\/\/zonaroja.com.mx\/index.php?rest_route=\/wp\/v2\/types\/post"}],"author":[{"embeddable":true,"href":"https:\/\/zonaroja.com.mx\/index.php?rest_route=\/wp\/v2\/users\/2"}],"replies":[{"embeddable":true,"href":"https:\/\/zonaroja.com.mx\/index.php?rest_route=%2Fwp%2Fv2%2Fcomments&post=36289"}],"version-history":[{"count":1,"href":"https:\/\/zonaroja.com.mx\/index.php?rest_route=\/wp\/v2\/posts\/36289\/revisions"}],"predecessor-version":[{"id":36291,"href":"https:\/\/zonaroja.com.mx\/index.php?rest_route=\/wp\/v2\/posts\/36289\/revisions\/36291"}],"wp:featuredmedia":[{"embeddable":true,"href":"https:\/\/zonaroja.com.mx\/index.php?rest_route=\/wp\/v2\/media\/36290"}],"wp:attachment":[{"href":"https:\/\/zonaroja.com.mx\/index.php?rest_route=%2Fwp%2Fv2%2Fmedia&parent=36289"}],"wp:term":[{"taxonomy":"category","embeddable":true,"href":"https:\/\/zonaroja.com.mx\/index.php?rest_route=%2Fwp%2Fv2%2Fcategories&post=36289"},{"taxonomy":"post_tag","embeddable":true,"href":"https:\/\/zonaroja.com.mx\/index.php?rest_route=%2Fwp%2Fv2%2Ftags&post=36289"}],"curies":[{"name":"wp","href":"https:\/\/api.w.org\/{rel}","templated":true}]}}