{"id":36292,"date":"2022-01-10T07:00:00","date_gmt":"2022-01-10T13:00:00","guid":{"rendered":"http:\/\/www.zonaroja.com.mx\/?p=36292"},"modified":"2022-01-10T08:08:01","modified_gmt":"2022-01-10T14:08:01","slug":"opinion-y-los-priistas-otra-vez-se-imponen-aun-en-morena","status":"publish","type":"post","link":"https:\/\/zonaroja.com.mx\/?p=36292","title":{"rendered":"Opini\u00f3n. Y los priistas otra vez se imponen, a\u00fan en Morena"},"content":{"rendered":"\n<p>Ismael Garc\u00eda M.\/Zona Roja.<\/p>\n\n\n\n<p>Oaxaca de Ju\u00e1rez, Oax., 10 de enero de 2022.- Con retardos, esta semana se inscriben formalmente los precandidatos del PRI a la gubernatura de Oaxaca, mientras los dem\u00e1s partidos llevan la delantera en sus asignaciones.<\/p>\n\n\n\n<p>No obstante, no se puede concluir que el Revolucionario Institucional va lento en su proceso interno, pues sus o su operador pol\u00edtico llevan la delantera de manera soterrada a todos los dem\u00e1s, incluso a Morena, donde han insertado varios cuadros con el disfraz verdeecologista.<\/p>\n\n\n\n<p>\u00bfRealmente va a perder el PRI la contienda electoral como se ha reiterado de manera insistente? \u00bfLa lentitud en su proceso es sin\u00f3nimo que entregar\u00e1 la plaza sin aspavientos? \u00bfLa relaci\u00f3n de los Murat con el Presidente Andr\u00e9s Manuel L\u00f3pez Obrador es meramente administrativa? Todas las respuestas apuntan al no.<\/p>\n\n\n\n<p>EL \u201cPRIMOR\u201d<\/p>\n\n\n\n<p>EL PRI se comenz\u00f3 a disfrazar de morenista desde hace mucho, a nivel nacional, con sus acuerdos tanto con el PVEM como con el PRI, en este \u00faltimo caso de manera m\u00e1s discreta. Tanto que a ese conjunto de fuerzas pol\u00edticas, principalmente para maniobrar en el Poder Legislativo federal, se le comenz\u00f3 a conocer como \u201cPRIMor\u201d.<\/p>\n\n\n\n<p>Ahora esos amarres se trasladan en el terreno pol\u00edtico y el primer resultado es que el priismo haga el menos ruido y la menor competencia en la disputa de al menos seis gubernaturas, con un dirigente nacional tricolor, Alejandro Moreno, entregado totalmente al poder presidencial, y el PVEM complaciendo en todo lo que se puede a quien hoy manda en el pa\u00eds, con tal de sobrevivir.<\/p>\n\n\n\n<p>Pero eso no es gratuito ni sencillo, en el caso de Oaxaca, pues aunque s\u00ed hay tardanza en la elecci\u00f3n del candidato priista, debajo de las aguas hay amarres desde hace mucho tiempo.<\/p>\n\n\n\n<p>Desde el informe legislativo que rindi\u00f3 Salom\u00f3n Jara Cruz en Santa Cruz Xoxocotl\u00e1n, el ex dirigente estatal del PRI, Jorge Gonz\u00e1lez Ilescas acudi\u00f3 personalmente a ese encuentro masivo y revel\u00f3 su apoyo al morenista. En tanto, para nadie es un secreto que otro priista de largo pasado, Adolfo Toledo Infanz\u00f3n, apoya y asesora a la Cuarta Transformaci\u00f3n oaxaque\u00f1a.<\/p>\n\n\n\n<p>Ya se sab\u00edan, pero quedaron m\u00e1s claros los respaldos tricolores el pasado viernes, en que la coalici\u00f3n \u201cJuntos haremos historia por Oaxaca\u201d, devel\u00f3 a sus cuadros morenistas-priistas.<\/p>\n\n\n\n<p>A Morena se uni\u00f3 el diezmado Partido Unidad Popular, impulsado hace casi dos d\u00e9cadas, en el sexenio de Jos\u00e9 Murat, con el extinto Heriberto Pazos Ortiz a la cabeza y ahora, desde hace m\u00e1s de una d\u00e9cada, con Uriel D\u00edaz Caballero, quien enfrenta un proceso interno y pese a lo cual, obedece a intereses priistas, como ha sido siempre.<\/p>\n\n\n\n<p>Tambi\u00e9n, aunque perdi\u00f3 el registro Fuerza por M\u00e9xico, la ex priista de toda la vida, Salom\u00e9 Mart\u00ednez Salazar, hechura pol\u00edtica desde los tiempos de Jos\u00e9 Murat, decidi\u00f3 llevar toda la fuerza de CATEM para Morena, pese a los magros resultados en el reciente proceso electoral que concluy\u00f3.<\/p>\n\n\n\n<p>Otro de los cuadros priistas: Samuel Gurri\u00f3n, prestanombres oficial y quien se ha prostituido pol\u00edticamente, obedeciendo las \u00f3rdenes de su jefe para estar ya sea en el PRI o en el PAN o en el PVEM y ahora con Morena, sin saldos redituables m\u00e1s que los negocios empresariales.<\/p>\n\n\n\n<p>Est\u00e1 tambi\u00e9n el diputado federal Jos\u00e9 Antonio Estefan Guillesen, colocado en la dirigencia del PVEM por \u00f3rdenes priistas, hijo de prominente priista Jos\u00e9 Antonio Estefan Garfias, que tambi\u00e9n se prest\u00f3 para irse un rato al PRD.<\/p>\n\n\n\n<p>Ra\u00fal Bola\u00f1os Cacho Cu\u00e9, otro priista de alcurnia, m\u00e1s no de trabajo, que tras su fracaso en su aspiraci\u00f3n a la candidatura, se dice listo para apoyar al o la candidata de Morena, con tal de seguir viviendo de la pol\u00edtica.<\/p>\n\n\n\n<p>LOS TRICOLORES<\/p>\n\n\n\n<p>En tanto, la relaci\u00f3n Andr\u00e9s Manuel L\u00f3pez Obrador-Alejandro Murat sigue viento en popa; en lo administrativo, se cumplir\u00e1 este a\u00f1o, el \u00faltimo del gobernador, la conclusi\u00f3n de la supercarretera Oaxaca-Costa, no as\u00ed la del Istmo ni tampoco el Corredor Interoce\u00e1nico.<\/p>\n\n\n\n<p>Pero eso s\u00ed, los acuerdos trascienden m\u00e1s all\u00e1 y el apoyo presidencial no es gratuito, pues a cambio se prev\u00e9 que el actual gobernador pase de inmediato a un puesto federal, como pago de favores.<\/p>\n\n\n\n<p>Por lo pronto, en menos de dos semanas se sabr\u00e1 el nombre del abanderado priista que, como ya dijimos, podr\u00eda ser Francisco \u00c1ngel Villarreal, pues de los aspirantes, hasta ahora es el de m\u00e1s peso pol\u00edtico.<\/p>\n\n\n\n<p>\u00bfY LA OPOSICI\u00d3N?<\/p>\n\n\n\n<p>El pasado jueves, el Partido Acci\u00f3n Nacional, present\u00f3 a sus tres aspirantes, Natividad D\u00edaz Jim\u00e9nez, Carlos Moreno Alc\u00e1ntara y Gerardo Garc\u00eda Henestrosa; lo \u00fanico rescatable es que todos han sido leales al partido y la designada ser\u00eda la actual diputada local.<\/p>\n\n\n\n<p>El viernes, Alejandra Garc\u00eda Morl\u00e1n dio a conocer su postulaci\u00f3n por el Partido Movimiento Ciudadano, que no tiene militantes m\u00e1s que sus dirigentes. En el PRD, hasta ahora el \u00fanico anotado es Elo\u00ed V\u00e1squez L\u00f3pez.<\/p>\n\n\n\n<p>As\u00ed que con esa \u201coposici\u00f3n\u201d, los acuerdos PRI-Morena van viento en popa y as\u00ed gane Morena la gubernatura, se seguir\u00e1n imponiendo los priistas.<\/p>\n","protected":false},"excerpt":{"rendered":"<p>Ismael Garc\u00eda M.\/Zona Roja. Oaxaca de Ju\u00e1rez, Oax., 10 de enero de 2022.- Con retardos,&hellip;<\/p>\n","protected":false},"author":2,"featured_media":7610,"comment_status":"closed","ping_status":"open","sticky":false,"template":"","format":"standard","meta":{"_lmt_disableupdate":"","_lmt_disable":"","_jetpack_memberships_contains_paid_content":false,"footnotes":""},"categories":[456,109,48],"tags":[1353],"class_list":["post-36292","post","type-post","status-publish","format-standard","has-post-thumbnail","hentry","category-columna","category-minuto-a-minuto","category-zona-critica","tag-opinion-zona-critica"],"jetpack_featured_media_url":"https:\/\/zonaroja.com.mx\/wp-content\/uploads\/2020\/01\/Opini\u00f3n-Zona-Cr\u00edtica.jpg","jetpack_sharing_enabled":true,"_links":{"self":[{"href":"https:\/\/zonaroja.com.mx\/index.php?rest_route=\/wp\/v2\/posts\/36292","targetHints":{"allow":["GET"]}}],"collection":[{"href":"https:\/\/zonaroja.com.mx\/index.php?rest_route=\/wp\/v2\/posts"}],"about":[{"href":"https:\/\/zonaroja.com.mx\/index.php?rest_route=\/wp\/v2\/types\/post"}],"author":[{"embeddable":true,"href":"https:\/\/zonaroja.com.mx\/index.php?rest_route=\/wp\/v2\/users\/2"}],"replies":[{"embeddable":true,"href":"https:\/\/zonaroja.com.mx\/index.php?rest_route=%2Fwp%2Fv2%2Fcomments&post=36292"}],"version-history":[{"count":2,"href":"https:\/\/zonaroja.com.mx\/index.php?rest_route=\/wp\/v2\/posts\/36292\/revisions"}],"predecessor-version":[{"id":36315,"href":"https:\/\/zonaroja.com.mx\/index.php?rest_route=\/wp\/v2\/posts\/36292\/revisions\/36315"}],"wp:featuredmedia":[{"embeddable":true,"href":"https:\/\/zonaroja.com.mx\/index.php?rest_route=\/wp\/v2\/media\/7610"}],"wp:attachment":[{"href":"https:\/\/zonaroja.com.mx\/index.php?rest_route=%2Fwp%2Fv2%2Fmedia&parent=36292"}],"wp:term":[{"taxonomy":"category","embeddable":true,"href":"https:\/\/zonaroja.com.mx\/index.php?rest_route=%2Fwp%2Fv2%2Fcategories&post=36292"},{"taxonomy":"post_tag","embeddable":true,"href":"https:\/\/zonaroja.com.mx\/index.php?rest_route=%2Fwp%2Fv2%2Ftags&post=36292"}],"curies":[{"name":"wp","href":"https:\/\/api.w.org\/{rel}","templated":true}]}}