{"id":3630,"date":"2019-09-03T07:25:49","date_gmt":"2019-09-03T12:25:49","guid":{"rendered":"http:\/\/www.zonaroja.com.mx\/?p=3630"},"modified":"2019-09-03T07:25:51","modified_gmt":"2019-09-03T12:25:51","slug":"es-mariana-la-joven-degollada-y-asesinada-en-pinotepa-no-hay-detenidos","status":"publish","type":"post","link":"https:\/\/zonaroja.com.mx\/?p=3630","title":{"rendered":"Es Mariana, la joven degollada y asesinada en Pinotepa; no hay detenidos"},"content":{"rendered":"\n<p>Redacci\u00f3n\/Zona\nRoja.<\/p>\n\n\n\n<p>Oaxaca de\nJu\u00e1rez, Oax., 3 de septiembre de 2019.- Como Mariana San Luis Hern\u00e1ndez, de 19\na\u00f1os de edad, con domicilio en la colonia 20 de Noviembre de Pinotepa Nacional,\nfue identificada la joven degollada y asesinada el pasado domingo en ese\nmunicipio de la regi\u00f3n de la Costa.<\/p>\n\n\n\n<p>No obstante,\naunque est\u00e1n avanzadas las investigaciones, a\u00fan no hay personas detenidas,\nconfirm\u00f3 la Vicefiscal\u00eda Regional de la Costa, dependiente de la Fiscal\u00eda\nGeneral del Estado.<\/p>\n\n\n\n<p>El cad\u00e1ver\nde Mariana fue descubierto el domingo al mediod\u00eda en un paraje denominado \u201cArroyo\nla Ca\u00f1ada\u201d, en el camino que conduce de la localidad de Motillas a Corralero\u201d,\nPinotepa, inform\u00f3 la Fiscal\u00eda en un comunicado.<\/p>\n\n\n\n<p>En tanto, en\nese municipio de la regi\u00f3n de la Costa chica familiares confirmaron que la\nestudiante de la Escuela Normal de Cacahuatepec, Celina Flor G. C., de 20 a\u00f1os\nde edad, contin\u00f9a desaparecida.<\/p>\n","protected":false},"excerpt":{"rendered":"<p>Redacci\u00f3n\/Zona Roja. Oaxaca de Ju\u00e1rez, Oax., 3 de septiembre de 2019.- Como Mariana San Luis&hellip;<\/p>\n","protected":false},"author":2,"featured_media":3631,"comment_status":"closed","ping_status":"open","sticky":false,"template":"","format":"standard","meta":{"_lmt_disableupdate":"","_lmt_disable":"","_jetpack_memberships_contains_paid_content":false,"footnotes":""},"categories":[109,51],"tags":[610,651],"class_list":["post-3630","post","type-post","status-publish","format-standard","has-post-thumbnail","hentry","category-minuto-a-minuto","category-zona-roja","tag-feminicidios-oaxaca","tag-santiago-pinotepa-nacional"],"jetpack_featured_media_url":"https:\/\/zonaroja.com.mx\/wp-content\/uploads\/2019\/09\/688c68fc-05a7-43b9-b36f-65afee9592c4.jpg","jetpack_sharing_enabled":true,"_links":{"self":[{"href":"https:\/\/zonaroja.com.mx\/index.php?rest_route=\/wp\/v2\/posts\/3630","targetHints":{"allow":["GET"]}}],"collection":[{"href":"https:\/\/zonaroja.com.mx\/index.php?rest_route=\/wp\/v2\/posts"}],"about":[{"href":"https:\/\/zonaroja.com.mx\/index.php?rest_route=\/wp\/v2\/types\/post"}],"author":[{"embeddable":true,"href":"https:\/\/zonaroja.com.mx\/index.php?rest_route=\/wp\/v2\/users\/2"}],"replies":[{"embeddable":true,"href":"https:\/\/zonaroja.com.mx\/index.php?rest_route=%2Fwp%2Fv2%2Fcomments&post=3630"}],"version-history":[{"count":1,"href":"https:\/\/zonaroja.com.mx\/index.php?rest_route=\/wp\/v2\/posts\/3630\/revisions"}],"predecessor-version":[{"id":3632,"href":"https:\/\/zonaroja.com.mx\/index.php?rest_route=\/wp\/v2\/posts\/3630\/revisions\/3632"}],"wp:featuredmedia":[{"embeddable":true,"href":"https:\/\/zonaroja.com.mx\/index.php?rest_route=\/wp\/v2\/media\/3631"}],"wp:attachment":[{"href":"https:\/\/zonaroja.com.mx\/index.php?rest_route=%2Fwp%2Fv2%2Fmedia&parent=3630"}],"wp:term":[{"taxonomy":"category","embeddable":true,"href":"https:\/\/zonaroja.com.mx\/index.php?rest_route=%2Fwp%2Fv2%2Fcategories&post=3630"},{"taxonomy":"post_tag","embeddable":true,"href":"https:\/\/zonaroja.com.mx\/index.php?rest_route=%2Fwp%2Fv2%2Ftags&post=3630"}],"curies":[{"name":"wp","href":"https:\/\/api.w.org\/{rel}","templated":true}]}}