{"id":36306,"date":"2022-01-10T06:55:01","date_gmt":"2022-01-10T12:55:01","guid":{"rendered":"http:\/\/www.zonaroja.com.mx\/?p=36306"},"modified":"2022-01-10T06:55:04","modified_gmt":"2022-01-10T12:55:04","slug":"crece-rechazo-a-activista-de-la-seccion-22-en-mixtequilla","status":"publish","type":"post","link":"https:\/\/zonaroja.com.mx\/?p=36306","title":{"rendered":"Crece rechazo a activista de la Secci\u00f3n 22 en Mixtequilla"},"content":{"rendered":"\n<p>Redacci\u00f3n\/Zona Roja.<\/p>\n\n\n\n<p>Oaxaca de Ju\u00e1rez, Oax., 10 de enero de 2022.- A 10 d\u00edas de haber sido designado por parte de la Secretar\u00eda General de Gobierno (Segego) de Oaxaca como comisionadomunicipal, crece el rechazo a Rogelio Vargas Garfias, activista de la Secci\u00f3n 22 del SNTE, en Santa Mar\u00eda Mixtequilla.<\/p>\n\n\n\n<p>Aunque el 1 de enero no hubo rechazo a quien fue designado como responsable del ayuntamiento a falta de presidente municipal, al d\u00eda siguiente el dirigente de la Uni\u00f3n de Trabajadores de la Educaci\u00f3n (UTE), grupo interno de la Secci\u00f3n 22 del SNTE, se confront\u00f3 con los pobladores en el auditorio municipal, lo que origin\u00f3 que pr\u00e1cticamente fuera sacado por la fuerza.<\/p>\n\n\n\n<p>El pasado viernes, los pobladores de Mixtequilla protestaron primero en el c\u00e1rcamo que surte de agua a la refiner\u00eda \u201cIng. Antonio Doval\u00ed Jaime\u201d en Salina Cruz y por la noche bloquearon el cruce de la carretera federal 190 con la supercarretera Salina Cruz-La Ventosa, en el entronque de acceso a Tehuantepec.<\/p>\n\n\n\n<p>Y este lunes, una comisi\u00f3n de pobladores denunciar\u00e1 en la ciudad de Oaxaca las razones por las cuales no aceptan a Vargas Garfias y exigir\u00e1n a la Secretar\u00eda General de Gobierno que designe un nuevo comisionado municipal, pues de lo contrario seguir\u00e1n con sus movilizaciones y protestas.<\/p>\n","protected":false},"excerpt":{"rendered":"<p>Redacci\u00f3n\/Zona Roja. Oaxaca de Ju\u00e1rez, Oax., 10 de enero de 2022.- A 10 d\u00edas de&hellip;<\/p>\n","protected":false},"author":2,"featured_media":36302,"comment_status":"closed","ping_status":"open","sticky":false,"template":"","format":"standard","meta":{"_lmt_disableupdate":"","_lmt_disable":"","_jetpack_memberships_contains_paid_content":false,"footnotes":""},"categories":[109,47],"tags":[2999,2138],"class_list":["post-36306","post","type-post","status-publish","format-standard","has-post-thumbnail","hentry","category-minuto-a-minuto","category-zona-gris","tag-rogelio-vargas-garfias","tag-santa-maria-mixtequilla"],"jetpack_featured_media_url":"https:\/\/zonaroja.com.mx\/wp-content\/uploads\/2022\/01\/thumbnail_IMG_4499.jpg","jetpack_sharing_enabled":true,"_links":{"self":[{"href":"https:\/\/zonaroja.com.mx\/index.php?rest_route=\/wp\/v2\/posts\/36306","targetHints":{"allow":["GET"]}}],"collection":[{"href":"https:\/\/zonaroja.com.mx\/index.php?rest_route=\/wp\/v2\/posts"}],"about":[{"href":"https:\/\/zonaroja.com.mx\/index.php?rest_route=\/wp\/v2\/types\/post"}],"author":[{"embeddable":true,"href":"https:\/\/zonaroja.com.mx\/index.php?rest_route=\/wp\/v2\/users\/2"}],"replies":[{"embeddable":true,"href":"https:\/\/zonaroja.com.mx\/index.php?rest_route=%2Fwp%2Fv2%2Fcomments&post=36306"}],"version-history":[{"count":1,"href":"https:\/\/zonaroja.com.mx\/index.php?rest_route=\/wp\/v2\/posts\/36306\/revisions"}],"predecessor-version":[{"id":36307,"href":"https:\/\/zonaroja.com.mx\/index.php?rest_route=\/wp\/v2\/posts\/36306\/revisions\/36307"}],"wp:featuredmedia":[{"embeddable":true,"href":"https:\/\/zonaroja.com.mx\/index.php?rest_route=\/wp\/v2\/media\/36302"}],"wp:attachment":[{"href":"https:\/\/zonaroja.com.mx\/index.php?rest_route=%2Fwp%2Fv2%2Fmedia&parent=36306"}],"wp:term":[{"taxonomy":"category","embeddable":true,"href":"https:\/\/zonaroja.com.mx\/index.php?rest_route=%2Fwp%2Fv2%2Fcategories&post=36306"},{"taxonomy":"post_tag","embeddable":true,"href":"https:\/\/zonaroja.com.mx\/index.php?rest_route=%2Fwp%2Fv2%2Ftags&post=36306"}],"curies":[{"name":"wp","href":"https:\/\/api.w.org\/{rel}","templated":true}]}}