{"id":36311,"date":"2022-01-10T07:50:34","date_gmt":"2022-01-10T13:50:34","guid":{"rendered":"http:\/\/www.zonaroja.com.mx\/?p=36311"},"modified":"2022-01-10T07:50:37","modified_gmt":"2022-01-10T13:50:37","slug":"capacitan-a-tutores-y-autoridades-para-regreso-seguro-a-clases-presenciales","status":"publish","type":"post","link":"https:\/\/zonaroja.com.mx\/?p=36311","title":{"rendered":"Capacitan a tutores y autoridades para regreso seguro a clases presenciales"},"content":{"rendered":"\n<p>Redacci\u00f3n\/Zona Roja.<\/p>\n\n\n\n<p>Oaxaca de Ju\u00e1rez, Oax., 10 de enero de 2022.- El Instituto Estatal de Educaci\u00f3n P\u00fablica de Oaxaca (IEEPO), a trav\u00e9s de la Unidad de Servicios Educativos Istmo-Juchit\u00e1n, llev\u00f3 a cabo la jornada de informaci\u00f3n \u201cRegreso seguro a clases ante el Covid-19\u201d, dirigida al magisterio, madres, padres de familia, tutores y autoridades municipales.<\/p>\n\n\n\n<p>En coordinaci\u00f3n con la Jurisdicci\u00f3n Sanitaria n\u00famero 2 de los Servicios de Salud de Oaxaca (SSO), se abordaron aspectos sobre los protocolos de higiene y de las recomendaciones para el regreso seguro, responsable y ordenado a clases semipresenciales en escuelas de educaci\u00f3n b\u00e1sica.<\/p>\n\n\n\n<p>En este tema, como lo ha puntualizado el gobernador Alejandro Murat Hinojosa y el encargado de Despacho del IEEPO, Ernesto L\u00f3pez Montero, la decisi\u00f3n es tomando en cuenta a todos los actores educativos, a trav\u00e9s de un proceso gradual, escalonado, mixto, pero sobre todo, acorde a las circunstancias propias de cada comunidad, privilegiando en todo momento la salud y la vida.<\/p>\n\n\n\n<p>La capacitaci\u00f3n realizada, que cont\u00f3 con la activa participaci\u00f3n de maestras, maestros, supervisores, directoras, directores y personal de apoyo educativo, principalmente de la Zona Escolar 088 de Juchit\u00e1n de Zaragoza, permiti\u00f3 fortalecer la comunicaci\u00f3n asertiva, respetuosa y consensuada para definir acuerdos.<\/p>\n\n\n\n<p>Por otra parte, la Unidad de Servicios Educativos Istmo-Juchit\u00e1n con el acompa\u00f1amiento del supervisor de dicha Zona, profesor Abundio Nicol\u00e1s L\u00f3pez realiz\u00f3 recorridos por las escuelas con actividades semipresenciales, como la primaria \u201cGabriela Mistral\u201d, donde junto con el director del plantel Tom\u00e1s Jim\u00e9nez Santiago, verificaron la correcta aplicaci\u00f3n de los protocolos para evitar el contagio de cualquier enfermedad.<\/p>\n\n\n\n<p>Con esta suma de esfuerzos y voluntades el IEEPO trabaja de manera conjunta en beneficio de las y los estudiantes en las ocho regiones del estado y privilegiar la salud de las familias oaxaque\u00f1as, acatando las nueve intervenciones sanitarias establecidas por la Secretar\u00eda de Educaci\u00f3n P\u00fablica (SEP).<\/p>\n","protected":false},"excerpt":{"rendered":"<p>Redacci\u00f3n\/Zona Roja. Oaxaca de Ju\u00e1rez, Oax., 10 de enero de 2022.- El Instituto Estatal de&hellip;<\/p>\n","protected":false},"author":2,"featured_media":36312,"comment_status":"closed","ping_status":"open","sticky":false,"template":"","format":"standard","meta":{"_lmt_disableupdate":"","_lmt_disable":"","_jetpack_memberships_contains_paid_content":false,"footnotes":""},"categories":[109,46],"tags":[2837],"class_list":["post-36311","post","type-post","status-publish","format-standard","has-post-thumbnail","hentry","category-minuto-a-minuto","category-zona-blanca","tag-instituto-estatal-de-educacion-publica-de-oaxaca-ieepo"],"jetpack_featured_media_url":"https:\/\/zonaroja.com.mx\/wp-content\/uploads\/2022\/01\/01-IEEPO-Jornadas-Informativas.jpg","jetpack_sharing_enabled":true,"_links":{"self":[{"href":"https:\/\/zonaroja.com.mx\/index.php?rest_route=\/wp\/v2\/posts\/36311","targetHints":{"allow":["GET"]}}],"collection":[{"href":"https:\/\/zonaroja.com.mx\/index.php?rest_route=\/wp\/v2\/posts"}],"about":[{"href":"https:\/\/zonaroja.com.mx\/index.php?rest_route=\/wp\/v2\/types\/post"}],"author":[{"embeddable":true,"href":"https:\/\/zonaroja.com.mx\/index.php?rest_route=\/wp\/v2\/users\/2"}],"replies":[{"embeddable":true,"href":"https:\/\/zonaroja.com.mx\/index.php?rest_route=%2Fwp%2Fv2%2Fcomments&post=36311"}],"version-history":[{"count":1,"href":"https:\/\/zonaroja.com.mx\/index.php?rest_route=\/wp\/v2\/posts\/36311\/revisions"}],"predecessor-version":[{"id":36313,"href":"https:\/\/zonaroja.com.mx\/index.php?rest_route=\/wp\/v2\/posts\/36311\/revisions\/36313"}],"wp:featuredmedia":[{"embeddable":true,"href":"https:\/\/zonaroja.com.mx\/index.php?rest_route=\/wp\/v2\/media\/36312"}],"wp:attachment":[{"href":"https:\/\/zonaroja.com.mx\/index.php?rest_route=%2Fwp%2Fv2%2Fmedia&parent=36311"}],"wp:term":[{"taxonomy":"category","embeddable":true,"href":"https:\/\/zonaroja.com.mx\/index.php?rest_route=%2Fwp%2Fv2%2Fcategories&post=36311"},{"taxonomy":"post_tag","embeddable":true,"href":"https:\/\/zonaroja.com.mx\/index.php?rest_route=%2Fwp%2Fv2%2Ftags&post=36311"}],"curies":[{"name":"wp","href":"https:\/\/api.w.org\/{rel}","templated":true}]}}