{"id":36316,"date":"2022-01-10T08:21:51","date_gmt":"2022-01-10T14:21:51","guid":{"rendered":"http:\/\/www.zonaroja.com.mx\/?p=36316"},"modified":"2022-01-10T08:21:54","modified_gmt":"2022-01-10T14:21:54","slug":"oaxaca-entre-los-estados-con-mas-familias-desplazadas-por-violencia-de-grupos-cmpddhp","status":"publish","type":"post","link":"https:\/\/zonaroja.com.mx\/?p=36316","title":{"rendered":"Oaxaca entre los estados con m\u00e1s familias desplazadas por violencia de grupos: CMPDDHP"},"content":{"rendered":"\n<p>Yuridiana Sosa\/Zona Roja.<\/p>\n\n\n\n<p>Oaxaca de Ju\u00e1rez, Oax., 10 de enero de 2022.- Oaxaca es uno de los nueve estados donde la violencia provoc\u00f3 el desplazamiento de miles de familia en nuestro pa\u00eds durante el 2021, con un crecimiento sustancial con relaci\u00f3n al 2020, inform\u00f3 la Comisi\u00f3n Mexicana de Promoci\u00f3n y Defensa de los Derechos Humanos (CMPDDH).<\/p>\n\n\n\n<p>De acuerdo con datos del reporte m\u00e1s reciente del organismo, 36 mil 682 personas, de los estados de Chiapas, Campeche, Chihuahua, Guerrero, Michoac\u00e1n, Oaxaca, Quintana Roo, Tamaulipas, Sonora y Sinaloa, dejaron sus lugares de origen o sus residencias a consecuencia de la violencia entre los meses de enero a octubre de 2021.<\/p>\n\n\n\n<p>La cantidad de personas desplazadas de manera interna en M\u00e9xico durante el a\u00f1o pasado- como dato preliminar- es 80 por ciento m\u00e1s que la registrada durante el 2020, con siete mil 486.<\/p>\n\n\n\n<p>En el caso de Oaxaca, la Comisi\u00f3n Mexicana de Promoci\u00f3n y Defensa de los Derechos Humanos document\u00f3 la violencia en la zona Triqui, en la regi\u00f3n de la Sierra Sur y la Mixteca.<\/p>\n\n\n\n<p>Los datos para la entidad se abrieron en enero con el reporte del desplazamiento de personas de la regi\u00f3n Triqui, por lo cual la Comisi\u00f3n Nacional de Derechos Humanos (CNDH ) emiti\u00f3 medidas cautelares.<\/p>\n\n\n\n<p>En febrero document\u00f3 el caso de cinco mujeres que fueron amenazadas, encarceladas y agredidas por autoridades locales de San Andr\u00e9s Yutat\u00edo, de Tezoatl\u00e1n de Segura y Luna, en la regi\u00f3n Mixteca, por un conflicto agrario entre la comunidad y el padre de cuatro de ellas.<\/p>\n\n\n\n<p>Las mujeres se vieron obligadas a tuvieron que desplazarse debido a las amenazas y 30 familiares que a\u00fan permanecen en la comunidad son hostigados por las autoridades auxiliares y comunales. Mientras que el 12 de mayo, 45 viviendas de la comunidad fueron incendiadas.<\/p>\n\n\n\n<p>En el mes de julio se registr\u00f3 el caso de al menos 200 personas que se desplazaron de la comunidad de R\u00edo Santiago por ataques de sus vecinos de Santiago Xochiltepec; en este caso tambi\u00e9n ocurri\u00f3 la retenci\u00f3n por 72 horas de 51 integrantes de la Guardia Nacional y de la Polic\u00eda Ministerial.<\/p>\n\n\n\n<p>El caso qued\u00f3 con el referente que los pobladores accedieron a liberar a los elementos s\u00f3lo despu\u00e9s de que el gobernador se comprometi\u00f3 a acudir a la poblaci\u00f3n y establecer mesas de di\u00e1logo para resolver el conflicto.<\/p>\n\n\n\n<p>En el transcurso de 2021, agosto fue el mes con mayores desplazamientos en M\u00e9xico, con un total de 10 mil 439 personas afectadas, seguido del mes de julio, con cinco mil 182 v\u00edctimas y en tercer lugar, fue el mes de abril, con tres mil 355 personas.<\/p>\n","protected":false},"excerpt":{"rendered":"<p>Yuridiana Sosa\/Zona Roja. Oaxaca de Ju\u00e1rez, Oax., 10 de enero de 2022.- Oaxaca es uno&hellip;<\/p>\n","protected":false},"author":2,"featured_media":23304,"comment_status":"closed","ping_status":"open","sticky":false,"template":"","format":"standard","meta":{"_lmt_disableupdate":"","_lmt_disable":"","_jetpack_memberships_contains_paid_content":false,"footnotes":""},"categories":[109,47],"tags":[],"class_list":["post-36316","post","type-post","status-publish","format-standard","has-post-thumbnail","hentry","category-minuto-a-minuto","category-zona-gris"],"jetpack_featured_media_url":"https:\/\/zonaroja.com.mx\/wp-content\/uploads\/2021\/02\/Triquis-Tierra-Blanca.jpg","jetpack_sharing_enabled":true,"_links":{"self":[{"href":"https:\/\/zonaroja.com.mx\/index.php?rest_route=\/wp\/v2\/posts\/36316","targetHints":{"allow":["GET"]}}],"collection":[{"href":"https:\/\/zonaroja.com.mx\/index.php?rest_route=\/wp\/v2\/posts"}],"about":[{"href":"https:\/\/zonaroja.com.mx\/index.php?rest_route=\/wp\/v2\/types\/post"}],"author":[{"embeddable":true,"href":"https:\/\/zonaroja.com.mx\/index.php?rest_route=\/wp\/v2\/users\/2"}],"replies":[{"embeddable":true,"href":"https:\/\/zonaroja.com.mx\/index.php?rest_route=%2Fwp%2Fv2%2Fcomments&post=36316"}],"version-history":[{"count":1,"href":"https:\/\/zonaroja.com.mx\/index.php?rest_route=\/wp\/v2\/posts\/36316\/revisions"}],"predecessor-version":[{"id":36317,"href":"https:\/\/zonaroja.com.mx\/index.php?rest_route=\/wp\/v2\/posts\/36316\/revisions\/36317"}],"wp:featuredmedia":[{"embeddable":true,"href":"https:\/\/zonaroja.com.mx\/index.php?rest_route=\/wp\/v2\/media\/23304"}],"wp:attachment":[{"href":"https:\/\/zonaroja.com.mx\/index.php?rest_route=%2Fwp%2Fv2%2Fmedia&parent=36316"}],"wp:term":[{"taxonomy":"category","embeddable":true,"href":"https:\/\/zonaroja.com.mx\/index.php?rest_route=%2Fwp%2Fv2%2Fcategories&post=36316"},{"taxonomy":"post_tag","embeddable":true,"href":"https:\/\/zonaroja.com.mx\/index.php?rest_route=%2Fwp%2Fv2%2Ftags&post=36316"}],"curies":[{"name":"wp","href":"https:\/\/api.w.org\/{rel}","templated":true}]}}