{"id":36318,"date":"2022-01-10T15:33:30","date_gmt":"2022-01-10T21:33:30","guid":{"rendered":"http:\/\/www.zonaroja.com.mx\/?p=36318"},"modified":"2022-01-10T16:57:34","modified_gmt":"2022-01-10T22:57:34","slug":"se-unen-organizaciones-en-defensa-de-la-autonomia-de-la-uabjo","status":"publish","type":"post","link":"https:\/\/zonaroja.com.mx\/?p=36318","title":{"rendered":"Se unen organizaciones en defensa de la autonom\u00eda de la UABJO"},"content":{"rendered":"\n<p>Yuridiana Sosa\/Zona Roja.<\/p>\n\n\n\n<p>Oaxaca de Ju\u00e1rez, Oax. 10 de enero de 2022.- Grupos al interior de la Universidad Aut\u00f3noma \u201cBenito Ju\u00e1rez\u201d de Oaxaca (UABJO) y organizaciones sociales reiteran su respaldo y defensa del ex rector Eduardo Mart\u00ednez Helmes, as\u00ed como en la lucha por la autonom\u00eda de la casa de estudios.<\/p>\n\n\n\n<p>\u201cBasta de mentiras, de calumnias y de difamaci\u00f3n. Alzamos la voz para dar a conocer que la detenci\u00f3n y vinculaci\u00f3n a proceso del compa\u00f1ero universitario y ex rector es injusta y tiene como \u00fanica finalidad la injerencia de personas externas en la vida pol\u00edtica y acad\u00e9mica de nuestra Casa de Estudios\u201d, expusieron en un manifiesto.<\/p>\n\n\n\n<p>Se\u00f1alaron que Mart\u00ednez Helmes. fue vinculado a proceso por su presunta participaci\u00f3n en la comisi\u00f3n por omisi\u00f3n del delito equiparado a la defraudaci\u00f3n fiscal agravado, es decir, por presuntamente ser el responsable de omitir presentar y con ello omitir el pago del impuesto sobre erogaciones por remuneraciones al trabajo personal al fisco del Estado durante el ejercicio 2015 y los dos primeros bimestres del ejercicio 2016.<\/p>\n\n\n\n<p>Sin embargo, en lo correspondiente al ejercicio fiscal 2015, la UABJO interpuso un recurso de inconformidad por el cr\u00e9dito fiscal fijado por la hacienda estatal, dicha controversia no ha sido resuelta.<\/p>\n\n\n\n<figure class=\"wp-block-image size-large\"><img decoding=\"async\" width=\"640\" height=\"960\" src=\"https:\/\/www.zonaroja.com.mx\/wp-content\/uploads\/2022\/01\/6047f130-2da7-4c98-8dfa-3272275088b0.jpg\" alt=\"\" class=\"wp-image-36324\" srcset=\"https:\/\/zonaroja.com.mx\/wp-content\/uploads\/2022\/01\/6047f130-2da7-4c98-8dfa-3272275088b0.jpg 640w, https:\/\/zonaroja.com.mx\/wp-content\/uploads\/2022\/01\/6047f130-2da7-4c98-8dfa-3272275088b0-200x300.jpg 200w, https:\/\/zonaroja.com.mx\/wp-content\/uploads\/2022\/01\/6047f130-2da7-4c98-8dfa-3272275088b0-585x878.jpg 585w\" sizes=\"(max-width: 640px) 100vw, 640px\" \/><\/figure>\n\n\n\n<p>Respecto a los dos primeros bimestres de 2016, el cr\u00e9dito fiscal aun no se determina, pues la auditoria fue suspendida debido a la pandemia y no ha concluido.<\/p>\n\n\n\n<p>\u201cEduardo Mart\u00ednez Helmes, no es responsable de estos hechos. Como rector deleg\u00f3 esta funci\u00f3n a las \u00e1reas correspondientes de declarar impuestos y las personas titulares eran las \u00fanicas que ten\u00edan las claves requeridas para informar y pagar. mismas que no estaban en el poder del ex rector, por lo cual la orden de aprehensi\u00f3n, vinculaci\u00f3n a proceso y la determinaci\u00f3n de prisi\u00f3n preventiva es una decisi\u00f3n injusta que responde a intereses pol\u00edticos por encima de la ley y la verdad\u201d. a\u00f1adieron.<\/p>\n\n\n\n<p>Recalcaron que su proceso jur\u00eddico ha mostrado claros vicios y ya vulnerado sus derechos, principalmente el de presunci\u00f3n de inocencia, pues al no encontrarse firme el cr\u00e9dito fiscal, \u00e9l pudo afrontar este procedimiento en libertad.<\/p>\n\n\n\n<p>\u201cEduardo Mart\u00ednez Helmes no representa ning\u00fan peligro para la sociedad como fue afirmado al momento de imponerle la medida cautelar, ya que al dejar de ser rector, no estar\u00eda en posibilidades de cometer dicha omisi\u00f3n.<\/p>\n\n\n\n<figure class=\"wp-block-embed is-type-rich is-provider-twitter wp-block-embed-twitter\"><div class=\"wp-block-embed__wrapper\">\n<div class=\"twitter-tweet\"><blockquote class=\"twitter-tweet\" data-lang=\"es\"><p lang=\"es\" dir=\"ltr\"><a href=\"https:\/\/twitter.com\/hashtag\/%C3%9AltimoMinuto?src=hash&amp;ref_src=twsrc%5Etfw\">#\u00daltimoMinuto<\/a> <br>Organizaciones sociales ofrecieron una conferencia de prensa hoy, en que expresaron su exigencia al Estado para que cese la persecuci\u00f3n a universitarios de la UABJO. <a href=\"https:\/\/t.co\/KwmhMQI28Z\">pic.twitter.com\/KwmhMQI28Z<\/a><\/p>&mdash; Zona Roja Oaxaca (@Zona_Roja_Oax) <a href=\"https:\/\/twitter.com\/Zona_Roja_Oax\/status\/1480586354140626951?ref_src=twsrc%5Etfw\">10 de enero de 2022<\/a><\/blockquote><\/div>\n<\/div><\/figure>\n\n\n\n<p>\u201cNo permitiremos que vulneren la autonom\u00eda de la UABJO, tampoco que desestabilicen a nuestra Instituci\u00f3n con fines pol\u00edticos y electorales. Hoy, nuestra casa de estudios est\u00e1 de pie y quienes la queremos luchamos con la frente con alto para seguir garantizando a la sociedad oaxaque\u00f1a la formaci\u00f3n de profesionales\u201d, expusieron en su comunicado.<\/p>\n\n\n\n<p>ORGANIZACI\u00d3N SE UNEN<\/p>\n\n\n\n<p>Por otra parte, por medio de conferencia de prensa, organizaciones sociales de Oaxaca manifestaron su respaldo a la lucha por la autonom\u00eda de la M\u00e1xima casa de estudios de la entidad, por lo que exigieron al gobierno del estado \u201csacar las manos\u201d del proceso interno de la Universidad.<\/p>\n\n\n\n<p>As\u00ed tambi\u00e9n, frente a la sede de la Facultad de Derecho y Ciencias Sociales, en el centro de la capital, llamaron a la comunidad estudiantil y a otros grupos sociales a la unidad en defensa de la UABJO.<\/p>\n","protected":false},"excerpt":{"rendered":"<p>Yuridiana Sosa\/Zona Roja. Oaxaca de Ju\u00e1rez, Oax. 10 de enero de 2022.- Grupos al interior&hellip;<\/p>\n","protected":false},"author":2,"featured_media":36319,"comment_status":"closed","ping_status":"open","sticky":false,"template":"","format":"standard","meta":{"_lmt_disableupdate":"","_lmt_disable":"","_jetpack_memberships_contains_paid_content":false,"footnotes":""},"categories":[109,46],"tags":[1347],"class_list":["post-36318","post","type-post","status-publish","format-standard","has-post-thumbnail","hentry","category-minuto-a-minuto","category-zona-blanca","tag-eduardo-martinez-helmes"],"jetpack_featured_media_url":"https:\/\/zonaroja.com.mx\/wp-content\/uploads\/2022\/01\/Apoyo-UABJO-caso-Eduardo-Martinez-Helmes.jpg","jetpack_sharing_enabled":true,"_links":{"self":[{"href":"https:\/\/zonaroja.com.mx\/index.php?rest_route=\/wp\/v2\/posts\/36318","targetHints":{"allow":["GET"]}}],"collection":[{"href":"https:\/\/zonaroja.com.mx\/index.php?rest_route=\/wp\/v2\/posts"}],"about":[{"href":"https:\/\/zonaroja.com.mx\/index.php?rest_route=\/wp\/v2\/types\/post"}],"author":[{"embeddable":true,"href":"https:\/\/zonaroja.com.mx\/index.php?rest_route=\/wp\/v2\/users\/2"}],"replies":[{"embeddable":true,"href":"https:\/\/zonaroja.com.mx\/index.php?rest_route=%2Fwp%2Fv2%2Fcomments&post=36318"}],"version-history":[{"count":2,"href":"https:\/\/zonaroja.com.mx\/index.php?rest_route=\/wp\/v2\/posts\/36318\/revisions"}],"predecessor-version":[{"id":36325,"href":"https:\/\/zonaroja.com.mx\/index.php?rest_route=\/wp\/v2\/posts\/36318\/revisions\/36325"}],"wp:featuredmedia":[{"embeddable":true,"href":"https:\/\/zonaroja.com.mx\/index.php?rest_route=\/wp\/v2\/media\/36319"}],"wp:attachment":[{"href":"https:\/\/zonaroja.com.mx\/index.php?rest_route=%2Fwp%2Fv2%2Fmedia&parent=36318"}],"wp:term":[{"taxonomy":"category","embeddable":true,"href":"https:\/\/zonaroja.com.mx\/index.php?rest_route=%2Fwp%2Fv2%2Fcategories&post=36318"},{"taxonomy":"post_tag","embeddable":true,"href":"https:\/\/zonaroja.com.mx\/index.php?rest_route=%2Fwp%2Fv2%2Ftags&post=36318"}],"curies":[{"name":"wp","href":"https:\/\/api.w.org\/{rel}","templated":true}]}}