{"id":36326,"date":"2022-01-10T18:57:57","date_gmt":"2022-01-11T00:57:57","guid":{"rendered":"http:\/\/www.zonaroja.com.mx\/?p=36326"},"modified":"2022-01-10T18:57:59","modified_gmt":"2022-01-11T00:57:59","slug":"emite-el-pri-convocatoria-para-aspirantes-a-la-gubernatura-de-oaxaca","status":"publish","type":"post","link":"https:\/\/zonaroja.com.mx\/?p=36326","title":{"rendered":"Emite el PRI convocatoria para aspirantes a la gubernatura de Oaxaca"},"content":{"rendered":"\n<p>Yuridiana Sosa\/Zona Roja.<\/p>\n\n\n\n<p>Oaxaca de Ju\u00e1rez, Oax., 10 de enero de 2022.-El Comit\u00e9 Ejecutivo Nacional del Partido Revolucionario Institucional (PRI) emiti\u00f3 este lunes la convocatoria para la postulaci\u00f3n y selecci\u00f3n de aspirantes de la candidatura para la gubernatura de Oaxaca.<\/p>\n\n\n\n<p>Aunque la carrera interna de manera informal inici\u00f3 desde hace varias semanas en el PRI, con la convocatoria oficial del partido a nivel nacional el proceso internos cobra relevancia.<\/p>\n\n\n\n<p>En el documento firmado por el presidente del partido, Alejandro Moreno C\u00e1rdenas, se da a conocer que se estableci\u00f3 que ser\u00e1 en Convenci\u00f3n de Delegados y Delegadas para elegir y postular a su candidata o candidato para participar en la renovaci\u00f3n del titular del Poder Ejecutivo del estado.<\/p>\n\n\n\n<p>Sobre los tiempos para sus registros, las personas aspirantes, simpatizantes a la precandidatura manifestar\u00e1n personalmente y por escrito su intenci\u00f3n de participar en el proceso interno a m\u00e1s tardar el 15 de enero.<\/p>\n\n\n\n<p>Del registro de las y los aspirantes simpatizantes y militantes a la precandidatura a la gubernatura del estado se llevar\u00e1 a cabo el 20 de enero de 2022 a partir de las 11:00 horas y hasta las 13:00 horas, en el domicilio que determine el \u00f3rgano auxiliar.<\/p>\n\n\n\n<p>En lo referente a la precampa\u00f1a, en caso de militantes o acuerdo de autorizaci\u00f3n cuando se trate de simpatizantes, iniciar\u00e1n a partir del 20 de enero y concluir\u00e1 a m\u00e1s tardar a las 24 horas del 10 de febrero.<\/p>\n\n\n\n<p>La convocatoria tambi\u00e9n detalla que la jornada electiva interna para la elecci\u00f3n y postulaci\u00f3n de la candidatura a la gubernatura se celebrar\u00e1 el 10 de febrero, en el domicilio, horario y t\u00e9rminos que apruebe el \u00f3rgano auxiliar, la cual se notificar\u00e1 a las delegadas y los delegados electores, con anticipaci\u00f3n a dicha Convenci\u00f3n Estatal.<\/p>\n\n\n\n<p>Otro de los puntos importantes anunciados fueron los requisitos para los y las aspirantes, quienes deben cumplir con la comprobaci\u00f3n de no estar inscrita o inscrito en el Sistema Nacional de Registro del lnstituto Nacional Electoral o del Organismo P\u00fablico Local Electoral de personas que hayan recibido condena o sanci\u00f3n por violencia pol\u00edtica contra las mujeres en raz\u00f3n de g\u00e9nero.<\/p>\n\n\n\n<p>Tambi\u00e9n no contar con condena o sanci\u00f3n mediante resoluci\u00f3n firme por violencia familiar y\/o dom\u00e9stica, o cualquier agresi\u00f3n de genera en el \u00e1mbito privado o p\u00fablico. As\u00ed como no haber recibido condena o sanci\u00f3n mediante resoluci\u00f3n firme por delitos sexuales, contra la libertad sexual o la intimidad corporal.<\/p>\n\n\n\n<p>Adem\u00e1s, que otro de los requisitos es no haber sido una persona que haya recibido condena o sanci\u00f3n mediante resoluci\u00f3n firme como deudor alimentario o moroso que atenten contra las obligaciones alimentarias, y que no se encuentre en ning\u00fan registro vigente de alg\u00fan padr\u00f3n de deudores alimentarios.<\/p>\n","protected":false},"excerpt":{"rendered":"<p>Yuridiana Sosa\/Zona Roja. Oaxaca de Ju\u00e1rez, Oax., 10 de enero de 2022.-El Comit\u00e9 Ejecutivo Nacional&hellip;<\/p>\n","protected":false},"author":2,"featured_media":36327,"comment_status":"closed","ping_status":"open","sticky":false,"template":"","format":"standard","meta":{"_lmt_disableupdate":"","_lmt_disable":"","_jetpack_memberships_contains_paid_content":false,"footnotes":""},"categories":[109,46],"tags":[1246],"class_list":["post-36326","post","type-post","status-publish","format-standard","has-post-thumbnail","hentry","category-minuto-a-minuto","category-zona-blanca","tag-partido-revolucionario-institucional-pri"],"jetpack_featured_media_url":"https:\/\/zonaroja.com.mx\/wp-content\/uploads\/2022\/01\/Convocatoria-PRI.jpg","jetpack_sharing_enabled":true,"_links":{"self":[{"href":"https:\/\/zonaroja.com.mx\/index.php?rest_route=\/wp\/v2\/posts\/36326","targetHints":{"allow":["GET"]}}],"collection":[{"href":"https:\/\/zonaroja.com.mx\/index.php?rest_route=\/wp\/v2\/posts"}],"about":[{"href":"https:\/\/zonaroja.com.mx\/index.php?rest_route=\/wp\/v2\/types\/post"}],"author":[{"embeddable":true,"href":"https:\/\/zonaroja.com.mx\/index.php?rest_route=\/wp\/v2\/users\/2"}],"replies":[{"embeddable":true,"href":"https:\/\/zonaroja.com.mx\/index.php?rest_route=%2Fwp%2Fv2%2Fcomments&post=36326"}],"version-history":[{"count":1,"href":"https:\/\/zonaroja.com.mx\/index.php?rest_route=\/wp\/v2\/posts\/36326\/revisions"}],"predecessor-version":[{"id":36328,"href":"https:\/\/zonaroja.com.mx\/index.php?rest_route=\/wp\/v2\/posts\/36326\/revisions\/36328"}],"wp:featuredmedia":[{"embeddable":true,"href":"https:\/\/zonaroja.com.mx\/index.php?rest_route=\/wp\/v2\/media\/36327"}],"wp:attachment":[{"href":"https:\/\/zonaroja.com.mx\/index.php?rest_route=%2Fwp%2Fv2%2Fmedia&parent=36326"}],"wp:term":[{"taxonomy":"category","embeddable":true,"href":"https:\/\/zonaroja.com.mx\/index.php?rest_route=%2Fwp%2Fv2%2Fcategories&post=36326"},{"taxonomy":"post_tag","embeddable":true,"href":"https:\/\/zonaroja.com.mx\/index.php?rest_route=%2Fwp%2Fv2%2Ftags&post=36326"}],"curies":[{"name":"wp","href":"https:\/\/api.w.org\/{rel}","templated":true}]}}