{"id":36329,"date":"2022-01-10T19:42:40","date_gmt":"2022-01-11T01:42:40","guid":{"rendered":"http:\/\/www.zonaroja.com.mx\/?p=36329"},"modified":"2022-01-10T19:42:43","modified_gmt":"2022-01-11T01:42:43","slug":"indigna-a-gobierno-federal-uso-de-indigenas-oaxaquenas-por-firma-francesa","status":"publish","type":"post","link":"https:\/\/zonaroja.com.mx\/?p=36329","title":{"rendered":"Indigna a gobierno federal uso de ind\u00edgenas oaxaque\u00f1as por firma francesa"},"content":{"rendered":"\n<p>Redacci\u00f3n\/Zona Roja.<\/p>\n\n\n\n<p>Oaxaca de Ju\u00e1rez, Oax., 10 de enero de 2022.- El gobierno ce M\u00e9xico expres\u00f3 su indignaci\u00f3n y condena por el uso y explotaci\u00f3n de ind\u00edgenas oaxaque\u00f1os por parte de una firma de ropa francesa.<\/p>\n\n\n\n<p>Fue el fin de semana en que la compa\u00f1\u00eda S\u00e9zane us\u00f3 a mujeres del valle de Tlacolula, presuntamente por un pago de 200 pesos, para \u201cposar\u201d y hasta bailar, usando atuendos de esa firma.<\/p>\n\n\n\n<p>A trav\u00e9s de un comunicado, el Instituto Nacional de los Pueblos Ind\u00edgenas (INPI) conden\u00f3 en\u00e9rgicamente el uso indebido de la imagen de mujeres ind\u00edgenas zapotecas por parte de la marca de ropa francesa S\u00e9zane.<\/p>\n\n\n\n<p>\u201cEl Instituto tiene conocimiento de este lamentable hecho ocurrido el pasado s\u00e1bado 10 de enero en el mercado de Teotitl\u00e1n del Valle, Oaxaca, y que ha sido difundido por usuarios de redes sociales, quienes denunciaron a representantes de la firma de ropa S\u00e9zane por haber vestido con las prendas de su nueva temporada a ind\u00edgenas zapotecas y pedirles que bailaran para fotografiarlas y grabarlas\u201d, expuso.<\/p>\n\n\n\n<p>Indic\u00f3 que por ello y con base en sus atribuciones, dialogar\u00e1 con las autoridades de Teotitl\u00e1n y las personas agraviadas para emprender un recurso jur\u00eddico, de conformidad con la ley, ya que estas acciones atentan contra la dignidad de los pueblos y comunidades y refuerzan estereotipos racistas sobre la cultura y las tradiciones ind\u00edgenas.<\/p>\n\n\n\n<p>El INPI hizo un en\u00e9rgico llamado a las marcas y empresas privadas, a que cesen de explotar a los pueblos y comunidades ind\u00edgenas y afromexicanas como capital cultural, pues no son objetos de indumentaria, sino sujetos de derecho p\u00fablico poseedores de un vasto patrimonio cultural y conocimientos tradicionales.<\/p>\n","protected":false},"excerpt":{"rendered":"<p>Redacci\u00f3n\/Zona Roja. Oaxaca de Ju\u00e1rez, Oax., 10 de enero de 2022.- El gobierno ce M\u00e9xico&hellip;<\/p>\n","protected":false},"author":2,"featured_media":36330,"comment_status":"closed","ping_status":"open","sticky":false,"template":"","format":"standard","meta":{"_lmt_disableupdate":"","_lmt_disable":"","_jetpack_memberships_contains_paid_content":false,"footnotes":""},"categories":[109,47],"tags":[],"class_list":["post-36329","post","type-post","status-publish","format-standard","has-post-thumbnail","hentry","category-minuto-a-minuto","category-zona-gris"],"jetpack_featured_media_url":"https:\/\/zonaroja.com.mx\/wp-content\/uploads\/2022\/01\/Sezane-indigenas-Oaxaca.jpg","jetpack_sharing_enabled":true,"_links":{"self":[{"href":"https:\/\/zonaroja.com.mx\/index.php?rest_route=\/wp\/v2\/posts\/36329","targetHints":{"allow":["GET"]}}],"collection":[{"href":"https:\/\/zonaroja.com.mx\/index.php?rest_route=\/wp\/v2\/posts"}],"about":[{"href":"https:\/\/zonaroja.com.mx\/index.php?rest_route=\/wp\/v2\/types\/post"}],"author":[{"embeddable":true,"href":"https:\/\/zonaroja.com.mx\/index.php?rest_route=\/wp\/v2\/users\/2"}],"replies":[{"embeddable":true,"href":"https:\/\/zonaroja.com.mx\/index.php?rest_route=%2Fwp%2Fv2%2Fcomments&post=36329"}],"version-history":[{"count":1,"href":"https:\/\/zonaroja.com.mx\/index.php?rest_route=\/wp\/v2\/posts\/36329\/revisions"}],"predecessor-version":[{"id":36331,"href":"https:\/\/zonaroja.com.mx\/index.php?rest_route=\/wp\/v2\/posts\/36329\/revisions\/36331"}],"wp:featuredmedia":[{"embeddable":true,"href":"https:\/\/zonaroja.com.mx\/index.php?rest_route=\/wp\/v2\/media\/36330"}],"wp:attachment":[{"href":"https:\/\/zonaroja.com.mx\/index.php?rest_route=%2Fwp%2Fv2%2Fmedia&parent=36329"}],"wp:term":[{"taxonomy":"category","embeddable":true,"href":"https:\/\/zonaroja.com.mx\/index.php?rest_route=%2Fwp%2Fv2%2Fcategories&post=36329"},{"taxonomy":"post_tag","embeddable":true,"href":"https:\/\/zonaroja.com.mx\/index.php?rest_route=%2Fwp%2Fv2%2Ftags&post=36329"}],"curies":[{"name":"wp","href":"https:\/\/api.w.org\/{rel}","templated":true}]}}