{"id":36349,"date":"2022-01-11T08:31:06","date_gmt":"2022-01-11T14:31:06","guid":{"rendered":"http:\/\/www.zonaroja.com.mx\/?p=36349"},"modified":"2022-01-11T08:31:09","modified_gmt":"2022-01-11T14:31:09","slug":"unos-30-evangelicos-desplazados-de-chimaltepec-se-refugian-en-otra-comunidad","status":"publish","type":"post","link":"https:\/\/zonaroja.com.mx\/?p=36349","title":{"rendered":"Unos 30 evang\u00e9licos desplazados de Chimaltepec se refugian en otra comunidad"},"content":{"rendered":"\n<p>Redacci\u00f3n\/Zona Roja.<\/p>\n\n\n\n<p>Oaxaca de Ju\u00e1rez, Oax., 11 de enero de 2022.- Siete familias, unas 30 personas en total, incluyendo ni\u00f1os, desplazados de San Pedro Chimaltepec, Oaxaca, por intolerancia religiosa, se refugian en la comunidad de Nueva Esperanza, en el municipio de Guevea de Humboldt.<\/p>\n\n\n\n<p>A m\u00e1s de una semana de los hechos de intolerancia religiosa, la Secretar\u00eda General de Gobierno (Segego) se ha limitado a llamar v\u00eda telef\u00f3nica a las autoridades auxiliares de Chimaltepec, perteneciente al municipio de San Juan Mazatl\u00e1n Mixe, para que reconsideren su actitud y eviten afectar m\u00e1s a las familias que no profesan la fe cat\u00f3lica.<\/p>\n\n\n\n<p>Los desplazados \u201cSalieron de sus casas con la ropa que tra\u00edan puesta, fueron recibidos en la agencia la Nueva Esperanza del municipio de Guevea de Humboldt por el pastor Cipriano Gazga Maldonado.<\/p>\n\n\n\n<p>\u201cUn nuevo caso de intolerancia religiosa en Oaxaca, sin que los poderes Ejecutivo y Legislativo hagan algo para frenar estas injusticias que presentan a Oaxaca como un pueblo b\u00e1rbaro, incapaz de vivir entre sus diferencias. Ruego de sus oraciones por estas familias\u201d, indic\u00f3 el representante jur\u00eddico de la Confraternidad de Pastores Evang\u00e9licos de Oaxaca, Porfirio Flores.<\/p>\n\n\n\n<p>Desde el lunes pasado fueron denunciados los hechos y el martes los representantes de la iglesia evang\u00e9lica presentaron una queja en la Defensor\u00eda de los Derechos Humanos del Pueblo de Oaxaca, en la capital del estado, sin que hasta ahora haya avances en el caso.<\/p>\n","protected":false},"excerpt":{"rendered":"<p>Redacci\u00f3n\/Zona Roja. Oaxaca de Ju\u00e1rez, Oax., 11 de enero de 2022.- Siete familias, unas 30&hellip;<\/p>\n","protected":false},"author":2,"featured_media":36350,"comment_status":"closed","ping_status":"open","sticky":false,"template":"","format":"standard","meta":{"_lmt_disableupdate":"","_lmt_disable":"","_jetpack_memberships_contains_paid_content":false,"footnotes":""},"categories":[109,47],"tags":[2995],"class_list":["post-36349","post","type-post","status-publish","format-standard","has-post-thumbnail","hentry","category-minuto-a-minuto","category-zona-gris","tag-san-pedro-chimaltepec"],"jetpack_featured_media_url":"https:\/\/zonaroja.com.mx\/wp-content\/uploads\/2022\/01\/Desplazados-evangelicos-Mazatlan-Mixe-Chimaltepec.png","jetpack_sharing_enabled":true,"_links":{"self":[{"href":"https:\/\/zonaroja.com.mx\/index.php?rest_route=\/wp\/v2\/posts\/36349","targetHints":{"allow":["GET"]}}],"collection":[{"href":"https:\/\/zonaroja.com.mx\/index.php?rest_route=\/wp\/v2\/posts"}],"about":[{"href":"https:\/\/zonaroja.com.mx\/index.php?rest_route=\/wp\/v2\/types\/post"}],"author":[{"embeddable":true,"href":"https:\/\/zonaroja.com.mx\/index.php?rest_route=\/wp\/v2\/users\/2"}],"replies":[{"embeddable":true,"href":"https:\/\/zonaroja.com.mx\/index.php?rest_route=%2Fwp%2Fv2%2Fcomments&post=36349"}],"version-history":[{"count":1,"href":"https:\/\/zonaroja.com.mx\/index.php?rest_route=\/wp\/v2\/posts\/36349\/revisions"}],"predecessor-version":[{"id":36351,"href":"https:\/\/zonaroja.com.mx\/index.php?rest_route=\/wp\/v2\/posts\/36349\/revisions\/36351"}],"wp:featuredmedia":[{"embeddable":true,"href":"https:\/\/zonaroja.com.mx\/index.php?rest_route=\/wp\/v2\/media\/36350"}],"wp:attachment":[{"href":"https:\/\/zonaroja.com.mx\/index.php?rest_route=%2Fwp%2Fv2%2Fmedia&parent=36349"}],"wp:term":[{"taxonomy":"category","embeddable":true,"href":"https:\/\/zonaroja.com.mx\/index.php?rest_route=%2Fwp%2Fv2%2Fcategories&post=36349"},{"taxonomy":"post_tag","embeddable":true,"href":"https:\/\/zonaroja.com.mx\/index.php?rest_route=%2Fwp%2Fv2%2Ftags&post=36349"}],"curies":[{"name":"wp","href":"https:\/\/api.w.org\/{rel}","templated":true}]}}