{"id":3635,"date":"2019-09-03T09:28:34","date_gmt":"2019-09-03T14:28:34","guid":{"rendered":"http:\/\/www.zonaroja.com.mx\/?p=3635"},"modified":"2019-09-03T09:28:36","modified_gmt":"2019-09-03T14:28:36","slug":"suman-37-reportes-de-mujeres-desaparecidas-durante-agosto-en-oaxaca","status":"publish","type":"post","link":"https:\/\/zonaroja.com.mx\/?p=3635","title":{"rendered":"Suman 37 reportes de mujeres desaparecidas durante agosto en Oaxaca"},"content":{"rendered":"\n<p>Evlin\nArag\u00f3n\/Zona Roja.<\/p>\n\n\n\n<p>Oaxaca de\nJu\u00e1rez, Oax., 3 de septiembre de 2019.- La Unidad de B\u00fasqueda de Personas\nDesaparecidas y No Localizadas dependiente de la Fiscal\u00eda General del Estado de\nOaxaca (FGEO) emiti\u00f3 37 fichas para localizar al mismo n\u00famero de mujeres,\nreportadas como desaparecidas durante el mes de agosto en la entidad oaxaque\u00f1a.<\/p>\n\n\n\n<p>Se trata de\nBets\u00faa Abigail, Celina Flor, Imilse Ximena, Rufina, Esmeralda Migdalia,\nGuadalupe, Karla Yazohara, Rebeca Janai, Isair\u00e9 Esther, Rosa Marcela, Rub\u00ed\nMuriel, Mariana, Arleth Ximena, Guadalupe Judith, Isis Alejandra, Yesenia, Yamilet,\nMartha Eliza, Perla Yamile.<\/p>\n\n\n\n<p>Asimismo,\nBerenice Mariela, Rosario Soledad, Daniela Medina, Valeria Concepci\u00f3n, Dulce\nMelisa, Citlali, Ana, Mar\u00eda de los \u00c1ngeles, F\u00e1tima Soledad, Viridiana, Ingrid,\nVanesa Azucena, Valeria Arizbeth, Graciela, Esperanza, Lluvia Karina, Karen\nElizabeth, Josel\u00edn Berenice, de acuerdo a los datos registrados en la p\u00e1gina de\nFacebook de la dependencia.<\/p>\n\n\n\n<p>Conforme a\nla misma informaci\u00f3n, 28 de las 37 mujeres fueron localizadas con vida, sin\nembargo, el tiempo para dar con su paradero fue de los dos a los 15 d\u00edas por\nparte de las autoridades, tal y como refieren las publicaciones de las fichas\nde b\u00fasqueda de cada una de las mujeres.<\/p>\n\n\n\n<p>Las regiones\ncon m\u00e1s reportes de mujeres desaparecidas son Valles Centrales con 23 casos, de\nlos cuales 11 fueron en el municipio de Oaxaca de Ju\u00e1rez; seguido del Istmo con\n5; y Papaloapan y&nbsp; Mixteca con 3 casos\ncada uno.<\/p>\n\n\n\n<p>Mientras que\nel rango de edad con m\u00e1s riesgo de desaparecer es el de 11 a 20 a\u00f1os que tiene\n27 casos durante este mes; seguido de 21 a 30 a\u00f1os con siete casos;\nconcentrando la mayor cantidad de los casos reportados en las fichas de\nb\u00fasqueda emitida por la autoridad.<\/p>\n\n\n\n<p>Independientemente\nde las mujeres desaparecidas en agosto, trasciende la localizaci\u00f3n de nueve\nmujeres m\u00e1s que fueron vistas por \u00faltima vez durante el mes noviembre del 2018,\nas\u00ed como en junio y julio de este a\u00f1o, de acuerdo con los reportes emitidos en\nla dependencia.<\/p>\n","protected":false},"excerpt":{"rendered":"<p>Evlin Arag\u00f3n\/Zona Roja. Oaxaca de Ju\u00e1rez, Oax., 3 de septiembre de 2019.- La Unidad de&hellip;<\/p>\n","protected":false},"author":2,"featured_media":2640,"comment_status":"closed","ping_status":"open","sticky":false,"template":"","format":"standard","meta":{"_lmt_disableupdate":"","_lmt_disable":"","_jetpack_memberships_contains_paid_content":false,"footnotes":""},"categories":[109,47],"tags":[642],"class_list":["post-3635","post","type-post","status-publish","format-standard","has-post-thumbnail","hentry","category-minuto-a-minuto","category-zona-gris","tag-personas-desaparecidas-oaxaca"],"jetpack_featured_media_url":"https:\/\/zonaroja.com.mx\/wp-content\/uploads\/2019\/07\/IMG_4853.jpg","jetpack_sharing_enabled":true,"_links":{"self":[{"href":"https:\/\/zonaroja.com.mx\/index.php?rest_route=\/wp\/v2\/posts\/3635","targetHints":{"allow":["GET"]}}],"collection":[{"href":"https:\/\/zonaroja.com.mx\/index.php?rest_route=\/wp\/v2\/posts"}],"about":[{"href":"https:\/\/zonaroja.com.mx\/index.php?rest_route=\/wp\/v2\/types\/post"}],"author":[{"embeddable":true,"href":"https:\/\/zonaroja.com.mx\/index.php?rest_route=\/wp\/v2\/users\/2"}],"replies":[{"embeddable":true,"href":"https:\/\/zonaroja.com.mx\/index.php?rest_route=%2Fwp%2Fv2%2Fcomments&post=3635"}],"version-history":[{"count":1,"href":"https:\/\/zonaroja.com.mx\/index.php?rest_route=\/wp\/v2\/posts\/3635\/revisions"}],"predecessor-version":[{"id":3636,"href":"https:\/\/zonaroja.com.mx\/index.php?rest_route=\/wp\/v2\/posts\/3635\/revisions\/3636"}],"wp:featuredmedia":[{"embeddable":true,"href":"https:\/\/zonaroja.com.mx\/index.php?rest_route=\/wp\/v2\/media\/2640"}],"wp:attachment":[{"href":"https:\/\/zonaroja.com.mx\/index.php?rest_route=%2Fwp%2Fv2%2Fmedia&parent=3635"}],"wp:term":[{"taxonomy":"category","embeddable":true,"href":"https:\/\/zonaroja.com.mx\/index.php?rest_route=%2Fwp%2Fv2%2Fcategories&post=3635"},{"taxonomy":"post_tag","embeddable":true,"href":"https:\/\/zonaroja.com.mx\/index.php?rest_route=%2Fwp%2Fv2%2Ftags&post=3635"}],"curies":[{"name":"wp","href":"https:\/\/api.w.org\/{rel}","templated":true}]}}