{"id":36352,"date":"2022-01-11T08:32:19","date_gmt":"2022-01-11T14:32:19","guid":{"rendered":"http:\/\/www.zonaroja.com.mx\/?p=36352"},"modified":"2022-01-11T08:32:22","modified_gmt":"2022-01-11T14:32:22","slug":"me-siento-bastante-bien-dice-amlo-tras-contagio-de-covid","status":"publish","type":"post","link":"https:\/\/zonaroja.com.mx\/?p=36352","title":{"rendered":"\u00abMe siento bastante bien\u00bb, dice AMLO tras contagio de Covid"},"content":{"rendered":"\n<p>Redacci\u00f3n\/Zona Roja Cdmx.<\/p>\n\n\n\n<p>Ciudad de M\u00e9xico, 11 de enero de 2022.- El presidente Andr\u00e9s Manuel L\u00f3pez Obrador asegur\u00f3 sentirse bastan bien tras contraer covid-19 por segunda ocasi\u00f3n, por lo que descart\u00f3 requerir de hospitalizaci\u00f3n.&nbsp;<\/p>\n\n\n\n<p>\u00abCreo que afortunadamente no vamos a necesitar hospitalizarnos ni vamos a sufrir con p\u00e9rdidas de vidas humanas\u00bb, dijo en un video presentado en conferencia de prensa matutina.<\/p>\n\n\n\n<p>En sustituci\u00f3n del Presidente, el secretario de Gobernaci\u00f3n (Segob), Ad\u00e1n Augusto L\u00f3pez, afirm\u00f3 en la \u201cma\u00f1anera\u201d que el mandatario est\u00e1 bien y se mantiene sin s\u00edntomas graves.<\/p>\n\n\n\n<p>L\u00f3pez Obrador pidi\u00f3 a la poblaci\u00f3n que ante la llegada de la variante \u201c\u00d3micron\u201d, \u00abno nos espantemos\u00bb. \u00abEstoy ronco af\u00f3nico, pero f\u00edjense que bien, este mensaje es para informar sobre c\u00f3mo me encuentro, pero tambi\u00e9n para transmitirles mi experiencia.<\/p>\n\n\n\n<p>\u201cAhora que me he vuelto a contagiar. Con el prop\u00f3sito fundamental de que no nos espantemos, afortunadamente esta es una variante que no tiene el nivel el grado de peligro que la variante delta y lo estoy experimentando\u00bb, coment\u00f3 L\u00f3pez Obrador.<\/p>\n\n\n\n<p>En la grabaci\u00f3n el Presidente incluso se tom\u00f3 la temperatura la cual fue de 36.1, con la que asegur\u00f3 se ha mantenido; adem\u00e1s de que coment\u00f3 no haber tenido fiebre y su oxigenaci\u00f3n es de 96.<\/p>\n\n\n\n<p>Explic\u00f3 que tiene ardor en la garganta, s\u00edntoma que \u00abes como una gripa con ronquera, un poco de dolor de cuerpo al principio\u00bb, mientras que indic\u00f3 estar tomando paracetamol.&nbsp;<\/p>\n\n\n\n<p>Informaci\u00f3n de \u201cMilenio\u201d:<\/p>\n\n\n\n<figure class=\"wp-block-embed\"><div class=\"wp-block-embed__wrapper\">\nhttps:\/\/www.milenio.com\/politica\/amlo-dice-estar-bien-tras-contraer-covid-descarta-hospitalizacion\n<\/div><\/figure>\n","protected":false},"excerpt":{"rendered":"<p>Redacci\u00f3n\/Zona Roja Cdmx. Ciudad de M\u00e9xico, 11 de enero de 2022.- El presidente Andr\u00e9s Manuel&hellip;<\/p>\n","protected":false},"author":2,"featured_media":36353,"comment_status":"closed","ping_status":"open","sticky":false,"template":"","format":"standard","meta":{"_lmt_disableupdate":"","_lmt_disable":"","_jetpack_memberships_contains_paid_content":false,"footnotes":""},"categories":[109,47],"tags":[143],"class_list":["post-36352","post","type-post","status-publish","format-standard","has-post-thumbnail","hentry","category-minuto-a-minuto","category-zona-gris","tag-andres-manuel-lopez-obrador"],"jetpack_featured_media_url":"https:\/\/zonaroja.com.mx\/wp-content\/uploads\/2022\/01\/Lopez-Obrador-Covid-segundo-contagio.jpeg","jetpack_sharing_enabled":true,"_links":{"self":[{"href":"https:\/\/zonaroja.com.mx\/index.php?rest_route=\/wp\/v2\/posts\/36352","targetHints":{"allow":["GET"]}}],"collection":[{"href":"https:\/\/zonaroja.com.mx\/index.php?rest_route=\/wp\/v2\/posts"}],"about":[{"href":"https:\/\/zonaroja.com.mx\/index.php?rest_route=\/wp\/v2\/types\/post"}],"author":[{"embeddable":true,"href":"https:\/\/zonaroja.com.mx\/index.php?rest_route=\/wp\/v2\/users\/2"}],"replies":[{"embeddable":true,"href":"https:\/\/zonaroja.com.mx\/index.php?rest_route=%2Fwp%2Fv2%2Fcomments&post=36352"}],"version-history":[{"count":1,"href":"https:\/\/zonaroja.com.mx\/index.php?rest_route=\/wp\/v2\/posts\/36352\/revisions"}],"predecessor-version":[{"id":36354,"href":"https:\/\/zonaroja.com.mx\/index.php?rest_route=\/wp\/v2\/posts\/36352\/revisions\/36354"}],"wp:featuredmedia":[{"embeddable":true,"href":"https:\/\/zonaroja.com.mx\/index.php?rest_route=\/wp\/v2\/media\/36353"}],"wp:attachment":[{"href":"https:\/\/zonaroja.com.mx\/index.php?rest_route=%2Fwp%2Fv2%2Fmedia&parent=36352"}],"wp:term":[{"taxonomy":"category","embeddable":true,"href":"https:\/\/zonaroja.com.mx\/index.php?rest_route=%2Fwp%2Fv2%2Fcategories&post=36352"},{"taxonomy":"post_tag","embeddable":true,"href":"https:\/\/zonaroja.com.mx\/index.php?rest_route=%2Fwp%2Fv2%2Ftags&post=36352"}],"curies":[{"name":"wp","href":"https:\/\/api.w.org\/{rel}","templated":true}]}}