{"id":36360,"date":"2022-01-11T19:57:02","date_gmt":"2022-01-12T01:57:02","guid":{"rendered":"http:\/\/www.zonaroja.com.mx\/?p=36360"},"modified":"2022-01-11T19:57:04","modified_gmt":"2022-01-12T01:57:04","slug":"quiana-pequena-con-cancer-pide-ayuda-a-reyes-magos-para-tener-su-fiesta-de-mujer-maravilla","status":"publish","type":"post","link":"https:\/\/zonaroja.com.mx\/?p=36360","title":{"rendered":"Quiana, peque\u00f1a con c\u00e1ncer, pide ayuda a Reyes Magos para tener su fiesta de mujer maravilla"},"content":{"rendered":"\n<p>Yuridiana Sosa\/Zona Roja.<\/p>\n\n\n\n<p>Oaxaca de Ju\u00e1rez, Oax., 11 de enero de 2022.- La ilusi\u00f3n de Quianna por una fiesta de cumplea\u00f1os fue mayor que el deseo de tener un juguete el pasado 6 de enero, por eso, por medio de su carta pidi\u00f3 ayuda a los Reyes Magos para cumplir su sue\u00f1o el pr\u00f3ximo 27 de enero.<\/p>\n\n\n\n<p>Quianna es una peque\u00f1a ni\u00f1a que vive en San Andr\u00e9s Teotil\u00e1lpan, en la regi\u00f3n Ca\u00f1ada de Oaxaca, y junto con sus padres, lucha contra el c\u00e1ncer, sosteni\u00e9ndose de la venta de pan de yema.<\/p>\n\n\n\n<p>\u201cQueridos Reyes Magos, este a\u00f1o no pido ning\u00fan juguete\u2026el 27 de enero es mi cumplea\u00f1os y quiero una fiesta de mujer maravilla, pero mis pap\u00e1s van a tener muchos gastos, por eso no pido su ayuda. Los quiero mucho que Dios los Bendiga. Adi\u00f3s. Quianna Rossain\u201d, escribi\u00f3 la menor.<\/p>\n\n\n\n<p>A trav\u00e9s de redes sociales Mafer Cruz, comunic\u00f3loga, inici\u00f3 una red de apoyo para que los Reyes Magos hagan posible el sue\u00f1o de la peque\u00f1a Quianna. Ciudadanos, periodistas y servidores p\u00fablicos se han sumado a la causa, sin olvidar que tambi\u00e9n necesita ayuda para continuar su tratamiento oncol\u00f3gico.<\/p>\n\n\n\n<figure class=\"wp-block-embed is-type-rich is-provider-twitter wp-block-embed-twitter\"><div class=\"wp-block-embed__wrapper\">\n<div class=\"twitter-tweet\"><blockquote class=\"twitter-tweet\" data-lang=\"es\"><p lang=\"es\" dir=\"ltr\">\ud83d\ude4f\ud83d\ude4f\ud83d\ude4f\ud83d\ude4f\ud83d\ude4f<br>Ma\u00f1ana, la peque\u00f1a Quianna, originaria de Teotil\u00e1lpam, Oaxaca, estar\u00e1 en la capital con sus padres para vender rico pan casero. <br>\u00a1C\u00f3mprele! Es para una buena causa, su lucha contra el c\u00e1ncer; adem\u00e1s, quiere tener un regalo por Reyes. Aqu\u00ed su n\u00famero: 951 412 62 97. <a href=\"https:\/\/t.co\/de4ERnyLgy\">pic.twitter.com\/de4ERnyLgy<\/a><\/p>&mdash; Zona Roja Oaxaca (@Zona_Roja_Oax) <a href=\"https:\/\/twitter.com\/Zona_Roja_Oax\/status\/1481061025642340352?ref_src=twsrc%5Etfw\">12 de enero de 2022<\/a><\/blockquote><\/div>\n<\/div><\/figure>\n\n\n\n<p>La peque\u00f1a, junto a sus padres viajar\u00e1 m\u00e1s de ocho horas a la capital del estado este 12 de enero para cumplir con su tratamiento, ocasi\u00f3n que como otras veces aprovechar\u00e1n para vender pan, pero esta vez, su ilusi\u00f3n es recaudar dinero para su celebraci\u00f3n, la cual se realizar\u00e1 de forma familiar en su lugar de origen.<\/p>\n\n\n\n<p>Las personas que puedan apoyar a esta noble causa pueden comunicarse directamente con sus padres al n\u00famero al 9514126297, o depositar en la cuenta 4169160702461543 de Bancoppel.<\/p>\n\n\n\n<p>De acuerdo a datos oficiales, en 2020, el 88 por ciento de la poblaci\u00f3n en San Andr\u00e9s Teotil\u00e1lpam no ten\u00eda acceso a sistemas de alcantarillado, seis por ciento no contaba con red de suministro de agua, 1.43 por ciento no ten\u00eda ba\u00f1o y 3.84 por ciento no pose\u00eda energ\u00eda el\u00e9ctrica.<\/p>\n\n\n\n<figure class=\"wp-block-embed is-type-rich is-provider-twitter wp-block-embed-twitter\"><div class=\"wp-block-embed__wrapper\">\n<div class=\"twitter-tweet\"><blockquote class=\"twitter-tweet\" data-lang=\"es\"><p lang=\"es\" dir=\"ltr\">Bandita <a href=\"https:\/\/twitter.com\/hashtag\/twittera?src=hash&amp;ref_src=twsrc%5Etfw\">#twittera<\/a> Quianna cumple a\u00f1os el 27 de enero, le toca venir dos veces en enero a tomar su tratamiento contra el <a href=\"https:\/\/twitter.com\/hashtag\/C%C3%A1ncer?src=hash&amp;ref_src=twsrc%5Etfw\">#C\u00e1ncer<\/a>. Y por los gastos no podr\u00e1 tener fiesta !!! De reyes no pidi\u00f3 juguete \ud83d\ude1e\ud83d\ude1e\ud83d\ude1e\ud83d\ude22\ud83d\ude22 quiere tener su fiesta de mujer maravilla!! Que dicen se suman ??? <a href=\"https:\/\/t.co\/t43VcRnsFu\">pic.twitter.com\/t43VcRnsFu<\/a><\/p>&mdash; Mafer Cruz (@feyecruz) <a href=\"https:\/\/twitter.com\/feyecruz\/status\/1479143365023199237?ref_src=twsrc%5Etfw\">6 de enero de 2022<\/a><\/blockquote><\/div>\n<\/div><\/figure>\n","protected":false},"excerpt":{"rendered":"<p>Yuridiana Sosa\/Zona Roja. Oaxaca de Ju\u00e1rez, Oax., 11 de enero de 2022.- La ilusi\u00f3n de&hellip;<\/p>\n","protected":false},"author":2,"featured_media":36361,"comment_status":"closed","ping_status":"open","sticky":false,"template":"","format":"standard","meta":{"_lmt_disableupdate":"","_lmt_disable":"","_jetpack_memberships_contains_paid_content":false,"footnotes":""},"categories":[109,46],"tags":[],"class_list":["post-36360","post","type-post","status-publish","format-standard","has-post-thumbnail","hentry","category-minuto-a-minuto","category-zona-blanca"],"jetpack_featured_media_url":"https:\/\/zonaroja.com.mx\/wp-content\/uploads\/2022\/01\/Quianna-nina-cancer.jpg","jetpack_sharing_enabled":true,"_links":{"self":[{"href":"https:\/\/zonaroja.com.mx\/index.php?rest_route=\/wp\/v2\/posts\/36360","targetHints":{"allow":["GET"]}}],"collection":[{"href":"https:\/\/zonaroja.com.mx\/index.php?rest_route=\/wp\/v2\/posts"}],"about":[{"href":"https:\/\/zonaroja.com.mx\/index.php?rest_route=\/wp\/v2\/types\/post"}],"author":[{"embeddable":true,"href":"https:\/\/zonaroja.com.mx\/index.php?rest_route=\/wp\/v2\/users\/2"}],"replies":[{"embeddable":true,"href":"https:\/\/zonaroja.com.mx\/index.php?rest_route=%2Fwp%2Fv2%2Fcomments&post=36360"}],"version-history":[{"count":1,"href":"https:\/\/zonaroja.com.mx\/index.php?rest_route=\/wp\/v2\/posts\/36360\/revisions"}],"predecessor-version":[{"id":36362,"href":"https:\/\/zonaroja.com.mx\/index.php?rest_route=\/wp\/v2\/posts\/36360\/revisions\/36362"}],"wp:featuredmedia":[{"embeddable":true,"href":"https:\/\/zonaroja.com.mx\/index.php?rest_route=\/wp\/v2\/media\/36361"}],"wp:attachment":[{"href":"https:\/\/zonaroja.com.mx\/index.php?rest_route=%2Fwp%2Fv2%2Fmedia&parent=36360"}],"wp:term":[{"taxonomy":"category","embeddable":true,"href":"https:\/\/zonaroja.com.mx\/index.php?rest_route=%2Fwp%2Fv2%2Fcategories&post=36360"},{"taxonomy":"post_tag","embeddable":true,"href":"https:\/\/zonaroja.com.mx\/index.php?rest_route=%2Fwp%2Fv2%2Ftags&post=36360"}],"curies":[{"name":"wp","href":"https:\/\/api.w.org\/{rel}","templated":true}]}}